{"id":1681,"date":"2014-02-28T10:13:24","date_gmt":"2014-02-28T10:13:24","guid":{"rendered":""},"modified":"2026-03-11T09:12:25","modified_gmt":"2026-03-11T14:12:25","slug":"iquitos-carta-de-monseoor-olaortua-en-torno-a-la-contaminacion-de-los-roos","status":"publish","type":"post","link":"https:\/\/ceas.org.pe\/index.php\/2014\/02\/28\/iquitos-carta-de-monseoor-olaortua-en-torno-a-la-contaminacion-de-los-roos\/","title":{"rendered":"Iquitos: carta de Monse\u00f3or Olaortua en torno a la contaminaci\u00f3n de los r\u00f3os"},"content":{"rendered":"<p>Compartimos el documento de reflexi\u00f3n del Obispo del Vicario Apost\u00f3lico de<\/p>\n<div>Iquitos, Monse\u00f1or Miguel Olaortua Laspra OSA, en torno al contexto del<\/div>\n<div>\u00faltimo Informe del Monitoreo Ambiental del R\u00edo Mara\u00f1\u00f3n, Tigre, Corrientes y<\/div>\n<div>la Reserva Pacaya Samiria; donde se encontraron altos \u00edndices de<\/div>\n<div>Contaminaci\u00f3n, producto de la actividad extractiva y otros.<\/div>\n<div>\u00a0<\/div>\n<div>\u00a0<\/div>\n<div>\u00a0<\/div>\n<div>\n<div>\u201cY VI\u00d3 DIOS QUE TODO ERA BUENO\u201d (Gn 1,31 )<\/div>\n<div>SEAMOS RESPONSABLES CON EL MEDIO AMBIENTE<\/div>\n<div>\u00a0<\/div>\n<div>Mons. Miguel Olaortua Laspra, OSA.<\/div>\n<div>Vicario Apost\u00f3lico de Iquitos<\/div>\n<div>\u00a0<\/div>\n<div>Queridos loretanos:<\/div>\n<div>\u00a0<\/div>\n<div>Nuestro Padre Dios, desde su amor trinitario, ha creado el mundo. De toda la creaci\u00f3n, el ser humano es su obra m\u00e1s excelsa, el \u00fanico que puede reconocer a su creador y relacionarse con \u00c9l. Esto es lo que significa que hemos sido creados por \u00c9l a \u201csu imagen y semejanza\u201d. Este hecho es el que confiere al ser humano su mayor dignidad que, al mismo tiempo, exige una gran responsabilidad por parte de todos. La dignidad de la persona humana no se mide en conceptos de razas, sexo, posiciones pol\u00edticas, econ\u00f3micas o sociales. Lo que nos hace sagrados es que somos Hijos de Dios y hermanos todos en Cristo Jes\u00fas. No hay ciudadanos de primera, de segunda o de tercera clase. Todos somos iguales ante los ojos de Dios. Lo mismo debe suceder ante los ojos de cualquier Estado y sus respectivas autoridades nacionales, regionales o locales. El Estado ha de buscar y garantizar el bien com\u00fan, sin excluir absolutamente a nadie. \u201cLa pol\u00edtica, tan denigrada, es una de las formas m\u00e1s preciosas de la caridad, porque busca el bien com\u00fan. Es importante que los gobernantes y los poderes financieros levanten la mirada y ampl\u00eden sus perspectivas, que procuren que haya trabajo digno, educaci\u00f3n y cuidado de la salud para todos los ciudadanos. A partir de una apertura a la transcendencia podr\u00eda formarse una nueva mentalidad pol\u00edtica y econ\u00f3mica.\u201d(FRANCISCO I, Evangelii Gaudium n\u00ba 205). Si esto no se da, no podemos hablar de un aut\u00e9ntico progreso humano.<\/div>\n<div>\u00a0<\/div>\n<div>Nuestra sociedad, nuestro mundo, est\u00e1 impregnado de un gran consumismo por el que impera el dios dinero. En virtud de este dios, el ser humano se ha fabricado sus propios \u00eddolos y se ha dejado arrastrar por ambiciones que le llevan a atacar los derechos fundamentales de la persona humana. Hoy todo entra dentro del juego de la competitividad y de la ley del m\u00e1s fuerte, donde el poderoso se come al m\u00e1s d\u00e9bil. Como consecuencia, grandes masas de la poblaci\u00f3n se ven excluidas y marginadas. Se considera al ser humano como un bien de consumo que se puede usar y tirar. Hemos dado inicio a la \u201ccultura del descarte\u201d. Con la exclusi\u00f3n queda afectada la misma pertenencia social. Ya no es que est\u00e9n en los puestos bajos o periferias, sino que ya no est\u00e1n, quedan al margen. Los excluidos ya no son explotados, sino que son sobrantes y desechos. (Cf. Francisco I, EG. n\u00ba 53).<\/div>\n<div>\u00a0<\/div>\n<div>San Agust\u00edn nos recuerda que la riqueza de unos pocos es a base de la pobreza de otros muchos. Es m\u00e1s \u2013dice-: \u201cLas cosas superfluas de los ricos son las necesidades de los pobres. Por eso almacenar cosas superfluas es robar\u201d (In ps 147,12). Desde una sana conciencia humana bien formada y mucho m\u00e1s desde una posici\u00f3n cristiana, no podemos dejar llevarnos de la tentaci\u00f3n de ambicionar cada vez m\u00e1s, sobre todo, porque siempre estaremos insatisfechos y deseando algo m\u00e1s. El mismo San Agust\u00edn nos dice en su Regla que \u201cla verdadera felicidad no consiste en tener mucho sino en necesitar poco\u201d. La verdadera felicidad reside en nuestro interior. Nace de sentirse a gusto con uno mismo, con los dem\u00e1s y con Dios.<\/div>\n<div>\u00a0<\/div>\n<div>En esta tiran\u00eda del consumo, \u201cen este sistema, cualquier cosa que sea fr\u00e1gil, como el medio ambiente, queda indefensa ante los intereses del mercado divinizado, convertidos en regla absoluta\u201d. (FRANCISCO I. EG, 56).<\/div>\n<div>\u00a0<\/div>\n<div>Ha llegado a mis manos, a trav\u00e9s de la Oficina de Derechos Humanos del Vicariato Apost\u00f3lico de Iquitos, el \u201cInforme del Monitoreo Ambiental del R\u00edo Mara\u00f1\u00f3n y la Reserva Pacaya Samiria\u201d. En \u00e9l se muestran los resultados de la contaminaci\u00f3n de dichos R\u00edo y Reserva. Desde hace muchos a\u00f1os se vienen denunciando los constantes derrames de petr\u00f3leo. Ahora el Gobierno Peruano mediante sus organismos supervisores han realizado en septiembre del 2013 el monitoreo ambiental, como parte de las actividades de la Comisi\u00f3n Multisectorial RS 200-2012-PCM, quien tambi\u00e9n realiz\u00f3 lo propio en las cuencas de Pastaza, Corrientes y Tigre. En el Mara\u00f1\u00f3n, el trabajo fue coordinado con ACODECOSPAT y sus vigilantes ambientales. Los d\u00edas 19 y 20 del presente mes se entregaron dichos resultados a la poblaci\u00f3n Kukama en una Asamblea celebrada en la localidad \u201cDos de mayo\u201d en la que participaron diversas autoridades nacionales, regionales y locales, as\u00ed como representantes de OEFA, ANA, DIGESA, OSINERGMIN, SERNANP, siendo MINAM la coordinadora de los informes. Por parte del Vicariato tambi\u00e9n participaron algunos sacerdotes y representantes de la Comisi\u00f3n Vicarial de Derechos Humanos.<\/div>\n<div>\u00a0<\/div>\n<div>En total fueron intervenidas 17 localidades. Los resultados son preocupantes, por no decir alarmantes en cuanto al nivel de contaminaci\u00f3n del agua no siendo apta para el consumo humano. Se han encontrado contaminantes como hierro, aluminio, manganeso, ars\u00e9nico, cromo, coliformes totales y fecales, mercurio, zinc, plomo\u2026 unos en el sistema de agua potable (en las localidades que gozan de este servicio) y otros en los r\u00edos Mara\u00f1\u00f3n y Samiria. Lo mismo ocurre en los r\u00edos Tigre y Corrientes que, aunque no sean objeto de este estudio o informe, padecen una situaci\u00f3n similar. Con las comunidades de las cuencas de estos r\u00edos se viene trabajando conjuntamente ofreciendo acompa\u00f1amiento y asesoramiento por parte de la Iglesia.<\/div>\n<div>\u00a0<\/div>\n<div>Toda esta realidad contaminante que presenta el Informe pone en grave riesgo la salud de nuestros pueblos y de nuestra gente. No podemos cambiar el pasado, pero podemos hacer algo en el presente que favorezca un desarrollo sostenible y favorezca la salud de las personas, especialmente de aquellas que, por estar situadas a lo largo de los r\u00edos y lejanas a las grandes urbes, gozan de menos medios y recursos. No podemos permanecer impasibles ante el sufrimiento humano. Debemos ser solidarios con nuestros hermanos. Y no es cuesti\u00f3n de fe, sino de solidaridad humana y de responsabilidad social. Las autoridades debemos buscar el bien com\u00fan de nuestro Pueblo, a quien servimos y representamos. El Papa Francisco nos lo recuerda hablando de la Solidaridad: \u201cLa palabra \u201csolidaridad\u201d est\u00e1 un poco desgastada y a veces se interpreta mal. Es mucho m\u00e1s que algunos actos de generosidad. Supone crear una nueva mentalidad que piense en t\u00e9rminos de comunidad, de prioridad de la vida de todos sobre la apropiaci\u00f3n de los bienes por parte de algunos.\u201d(EG. n\u00ba 188)<\/div>\n<div>\u00a0<\/div>\n<div>La zona intervenida cuyos resultados presenta el Informe comprende jurisdiccionalmente a nuestro Vicariato y est\u00e1 comprendida entre las Parroquias \u201cSanta Rita de Castilla\u201d y \u201cSan Felipe y Santiago\u201d de Nauta. Para las otras cuencas se a\u00f1ade el trabajo de la Parroquia San Agust\u00edn de Intuto. Por eso, como Pastor del Vicariato Apost\u00f3lico de Iquitos, invito a las distintas autoridades locales, regionales y nacionales a tomar cartas en el asunto y a ejercer la responsabilidad de cada uno en su \u00e1rea respectiva.<\/div>\n<div>\u00a0<\/div>\n<div>\u201cVio entonces Dios todo lo que hab\u00eda hecho, y todo era muy bueno. Pas\u00f3 una tarde, pas\u00f3 una ma\u00f1ana\u2026\u201d (Gn 1,31). Al pasar de los tiempos, y tras el mandato de \u201cllenad la tierra y sometedla\u201d(Gn 1,27), nosotros somos los responsables del cuidado del Medio Ambiente y, en definitiva, de mantener seguros nuestros recursos naturales. Atentar contra ellos es atentar contra la humanidad y nuestra propia salud. \u201cTambi\u00e9n la creaci\u00f3n es manifestaci\u00f3n del amor providente de Dios; nos ha sido entregada para que la cuidemos y la transformemos en fuente de vida digna para todos\u201d. (Aparecida, 125). \u00a1Seamos responsables!<\/div>\n<div>\u00a0<\/div>\n<div>Se\u00f1or de los Milagros, te presento nuestra tierra y sus gentes,<\/div>\n<div>sus sue\u00f1os e ideales, sus problemas y angustias de cada d\u00eda;<\/div>\n<div>En la ciudad y en los r\u00edos, acomp\u00e1\u00f1anos en nuestro caminar,<\/div>\n<div>para que podamos sentir en nuestras vidas<\/div>\n<div>la paz y alegr\u00eda de sentirte a nuestro lado.<\/div>\n<div>\u00a0<\/div>\n<div>Ilumina el coraz\u00f3n de tu Pueblo,<\/div>\n<div>de sus gentes sencillas, de sus autoridades,<\/div>\n<div>enciende en ellos el fuego de tu amor,<\/div>\n<div>para que podamos comprometernos todos<\/div>\n<div>en el cuidado de tu Creaci\u00f3n.<\/div>\n<div>\u00a0<\/div>\n<div>\u00a1Respetemos el Medio Ambiente!<\/div>\n<div>Este es el Milagro que hoy te pedimos,<\/div>\n<div>tus hermanos, tus devotos de coraz\u00f3n.<\/div>\n<div>Esperanzados, a Ti venimos<\/div>\n<div>con esperanza y devoci\u00f3n.<\/div>\n<\/div>\n<p><a href=\"http:\/\/web.hilo.org.pe\/wp-content\/uploads\/obispo iquitos.jpg\" target=\"_blank\" rel=\"noopener\">Ver archivo adjunto<\/a><\/p>\n","protected":false},"excerpt":{"rendered":"<p>Compartimos el documento de reflexi?n del Obispo del Vicario Apost?lico de Iquitos, Monse?or Miguel Olaortua Laspra OSA, en torno al contexto del ?ltimo Informe del Monitoreo Ambiental del R?o Mara??n, Tigre, Corrientes y la Reserva Pacaya Samiria; donde se encontraron altos ?ndices de Contaminaci?n, producto de la actividad extractiva y otros.<\/p>\n","protected":false},"author":1,"featured_media":7939,"comment_status":"closed","ping_status":"closed","sticky":false,"template":"","format":"standard","meta":{"footnotes":""},"categories":[9],"tags":[],"class_list":["post-1681","post","type-post","status-publish","format-standard","has-post-thumbnail","hentry","category-noticias"],"_links":{"self":[{"href":"https:\/\/ceas.org.pe\/index.php\/wp-json\/wp\/v2\/posts\/1681","targetHints":{"allow":["GET"]}}],"collection":[{"href":"https:\/\/ceas.org.pe\/index.php\/wp-json\/wp\/v2\/posts"}],"about":[{"href":"https:\/\/ceas.org.pe\/index.php\/wp-json\/wp\/v2\/types\/post"}],"author":[{"embeddable":true,"href":"https:\/\/ceas.org.pe\/index.php\/wp-json\/wp\/v2\/users\/1"}],"replies":[{"embeddable":true,"href":"https:\/\/ceas.org.pe\/index.php\/wp-json\/wp\/v2\/comments?post=1681"}],"version-history":[{"count":1,"href":"https:\/\/ceas.org.pe\/index.php\/wp-json\/wp\/v2\/posts\/1681\/revisions"}],"predecessor-version":[{"id":7517,"href":"https:\/\/ceas.org.pe\/index.php\/wp-json\/wp\/v2\/posts\/1681\/revisions\/7517"}],"wp:featuredmedia":[{"embeddable":true,"href":"https:\/\/ceas.org.pe\/index.php\/wp-json\/wp\/v2\/media\/7939"}],"wp:attachment":[{"href":"https:\/\/ceas.org.pe\/index.php\/wp-json\/wp\/v2\/media?parent=1681"}],"wp:term":[{"taxonomy":"category","embeddable":true,"href":"https:\/\/ceas.org.pe\/index.php\/wp-json\/wp\/v2\/categories?post=1681"},{"taxonomy":"post_tag","embeddable":true,"href":"https:\/\/ceas.org.pe\/index.php\/wp-json\/wp\/v2\/tags?post=1681"}],"curies":[{"name":"wp","href":"https:\/\/api.w.org\/{rel}","templated":true}]}}