{"id":1680,"date":"2014-02-28T10:05:58","date_gmt":"2014-02-28T10:05:58","guid":{"rendered":""},"modified":"2026-03-11T09:12:25","modified_gmt":"2026-03-11T14:12:25","slug":"presentan-plan-de-afianzamiento-del-sistema-energotico-en-pucallpa-al-2015","status":"publish","type":"post","link":"https:\/\/ceas.org.pe\/index.php\/2014\/02\/28\/presentan-plan-de-afianzamiento-del-sistema-energotico-en-pucallpa-al-2015\/","title":{"rendered":"Presentan plan de afianzamiento del sistema energ\u00f3tico en Pucallpa al 2015"},"content":{"rendered":"<p>\u00a0Durante la reuni\u00f3n realizada para tratar el tema de la masificaci\u00f3n del gas en Ucayali, los funcionarios del Ministerio de Energ\u00eda y Minas presentaron ante los asistentes, el Plan de Afianzamiento del Sistema El\u00e9ctrico a Corto y Mediano Plazo de Pucallpa, inform\u00f3 el Gobierno Regional de Ucayali a INFOREGI\u00d3N.<\/p>\n<div>\u00a0<\/div>\n<div>Se explic\u00f3 que para dar soluci\u00f3n transitoria y cubrir la demanda r\u00e1pida de suministro energ\u00e9tico, en el mes de noviembre del 2013, se dio inici\u00f3 a la ejecuci\u00f3n de la primera etapa del plan, consistente en autorizar a la empresa Electro Ucayali la instalaci\u00f3n de 9 MW m\u00e1s de generaci\u00f3n de emergencia adicional, el cual suma a 54 MW.<\/div>\n<div>\u00a0<\/div>\n<div>Adem\u00e1s se incorpor\u00f3 6, 5 y 2.5 MVAR de compensaci\u00f3n capacitiva en la red de media tensi\u00f3n, para contar con energ\u00eda disponible y evitar se registren cortes de fluido el\u00e9ctrico de forma intempestiva, inform\u00f3 Luis Nicho D\u00edaz, director General de Electricidad del MEM.<\/div>\n<div>\u00a0<\/div>\n<div>La segunda etapa de soluci\u00f3n a corto plazo, consta del repotenciamiento de 138 MW de la l\u00ednea Aguayt\u00eda \u2013 Pucallpa, que se encuentra en la etapa de ingenier\u00eda; la empresa concesionaria de la red de transmisi\u00f3n que alimenta esta parte de la regi\u00f3n, entregar\u00e1 el estudio definitivo, el cual permitir\u00e1 la iniciaci\u00f3n del proyecto para elevar la potencia energ\u00e9tica a 80 MW, y que tambi\u00e9n implica la instalaci\u00f3n de nuevos generadores, mejoramiento de subestaci\u00f3n, intercambio de capacidades, elevaci\u00f3n de voltajes, entre otros. Esta l\u00ednea permitir\u00e1 contar con el sistema el\u00e9ctrico hasta el a\u00f1o 2021.<\/div>\n<div>\u00a0<\/div>\n<div>En la tercera etapa del plan, a largo plazo, se proyecta la conexi\u00f3n de 220 mil voltios que proporcionar\u00eda energ\u00eda el\u00e9ctrica a Pucallpa hasta por una d\u00e9cada, los estudios donde se plasmar\u00e1 la interconexi\u00f3n de alta tensi\u00f3n y electricidad se encuentran en elaboraci\u00f3n y ser\u00e1 entregada en un a\u00f1o.<\/div>\n<div>\u00a0<\/div>\n<div><strong>RESERVA FR\u00cdA<\/strong><\/div>\n<div>\u00a0<\/div>\n<div>Nicho D\u00edaz, mencion\u00f3 que paralelo a este trabajo se construir\u00e1 la planta de reserva fr\u00eda de Pucallpa que estar\u00e1 en servicio en abril del 2015 que consta de la instalaci\u00f3n de 40 MW m\u00e1s. Acot\u00f3 que en el tema del plan de energ\u00eda el\u00e9ctrica en Pucallpa va a acorde con el crecimiento econ\u00f3mico regional y que con la pr\u00f3xima instalaci\u00f3n del gas se reducir\u00e1 el consumo de energ\u00eda el\u00e9ctrica.<\/div>\n<div>\u00a0<\/div>\n<div>Los beneficios que implicar\u00eda este plan es generar energ\u00eda y desarrollo que permitir\u00e1 a Pucallpa concentrar m\u00e1s empresas de diversa naturaleza como las industrias y de turismo, m\u00e1s escuelas, que contar\u00e1n con energ\u00eda abundante y barata.<\/div>\n<div>\u00a0<\/div>\n<div><strong>PANELES FOTOVOLTAICOS<\/strong><\/div>\n<div>\u00a0<\/div>\n<div>En el tema de baja tensi\u00f3n, se anunci\u00f3 que la Direcci\u00f3n General de Electrificaci\u00f3n Rural elabora proyectos de electrificaci\u00f3n, como el sistema fotovoltaico para apalear las demandas de los hogares en las zonas m\u00e1s dispersas donde llegar\u00e1n las redes para proporcionar luz y comunicaci\u00f3n a la gente que est\u00e1 aislada.<\/div>\n<div>\u00a0<\/div>\n<div>De acuerdo al proyecto, se solicit\u00f3 a los dirigentes de los asentamientos humanos empadronar a sus zonas donde aun no haya llegado el servicio de energ\u00eda el\u00e9ctrica para ser beneficiados con la instalaci\u00f3n de paneles fotovoltaicos, de acuerdo a la pol\u00edtica de electrificaci\u00f3n que promueve el gobierno central.<\/div>\n<div>\u00a0<\/div>\n<div><strong>DATO<\/strong><\/div>\n<div>\u00a0<\/div>\n<div>El 15% (3 millones de habitantes) de poblaci\u00f3n peruana no cuenta con energ\u00eda (INFOREGI\u00d3N).<\/div>\n<div>\u00a0<\/div>\n<div>Fuente: inforegion.pe<\/div>\n<p><a href=\"http:\/\/web.hilo.org.pe\/wp-content\/uploads\/pucallpa.jpg\" target=\"_blank\" rel=\"noopener\">Ver archivo adjunto<\/a><\/p>\n","protected":false},"excerpt":{"rendered":"<p>Durante la reuni?n realizada para tratar el tema de la masificaci?n del gas en Ucayali, los funcionarios del Ministerio de Energ?a y Minas presentaron ante los asistentes, el Plan de Afianzamiento del Sistema El?ctrico a Corto y Mediano Plazo de Pucallpa, inform? el Gobierno Regional de Ucayali a INFOREGI?N.<\/p>\n","protected":false},"author":1,"featured_media":7989,"comment_status":"closed","ping_status":"closed","sticky":false,"template":"","format":"standard","meta":{"footnotes":""},"categories":[9],"tags":[],"class_list":["post-1680","post","type-post","status-publish","format-standard","has-post-thumbnail","hentry","category-noticias"],"_links":{"self":[{"href":"https:\/\/ceas.org.pe\/index.php\/wp-json\/wp\/v2\/posts\/1680","targetHints":{"allow":["GET"]}}],"collection":[{"href":"https:\/\/ceas.org.pe\/index.php\/wp-json\/wp\/v2\/posts"}],"about":[{"href":"https:\/\/ceas.org.pe\/index.php\/wp-json\/wp\/v2\/types\/post"}],"author":[{"embeddable":true,"href":"https:\/\/ceas.org.pe\/index.php\/wp-json\/wp\/v2\/users\/1"}],"replies":[{"embeddable":true,"href":"https:\/\/ceas.org.pe\/index.php\/wp-json\/wp\/v2\/comments?post=1680"}],"version-history":[{"count":1,"href":"https:\/\/ceas.org.pe\/index.php\/wp-json\/wp\/v2\/posts\/1680\/revisions"}],"predecessor-version":[{"id":7518,"href":"https:\/\/ceas.org.pe\/index.php\/wp-json\/wp\/v2\/posts\/1680\/revisions\/7518"}],"wp:featuredmedia":[{"embeddable":true,"href":"https:\/\/ceas.org.pe\/index.php\/wp-json\/wp\/v2\/media\/7989"}],"wp:attachment":[{"href":"https:\/\/ceas.org.pe\/index.php\/wp-json\/wp\/v2\/media?parent=1680"}],"wp:term":[{"taxonomy":"category","embeddable":true,"href":"https:\/\/ceas.org.pe\/index.php\/wp-json\/wp\/v2\/categories?post=1680"},{"taxonomy":"post_tag","embeddable":true,"href":"https:\/\/ceas.org.pe\/index.php\/wp-json\/wp\/v2\/tags?post=1680"}],"curies":[{"name":"wp","href":"https:\/\/api.w.org\/{rel}","templated":true}]}}