{"id":1671,"date":"2014-02-12T09:44:09","date_gmt":"2014-02-12T09:44:09","guid":{"rendered":""},"modified":"2026-03-11T09:12:25","modified_gmt":"2026-03-11T14:12:25","slug":"papa-en-audiencia-tres-claves-para-vivir-mejor-la-eucaristoa-doa-a-doa","status":"publish","type":"post","link":"https:\/\/ceas.org.pe\/index.php\/2014\/02\/12\/papa-en-audiencia-tres-claves-para-vivir-mejor-la-eucaristoa-doa-a-doa\/","title":{"rendered":"Papa en Audiencia: Tres claves para vivir mejor la Eucarist\u00f3a d\u00f3a a d\u00f3a"},"content":{"rendered":"<p><b><span lang=\"ES\" style=\"font-size:16.0pt;\nmso-fareast-font-family:\"Times New Roman\";mso-bidi-font-family:\"Times New Roman\";\nmso-font-kerning:18.0pt;mso-ansi-language:ES;mso-fareast-language:ES-PE\">Papa en Audiencia: Tres claves para vivir mejor la Eucarist\u00eda d\u00eda a d\u00eda<\/span><\/b><\/p>\n<p class=\"MsoNormal\" style=\"margin-bottom: 0.0001pt; text-align: justify;\"><span lang=\"ES\">El Papa Francisco continu\u00f3 con su catequesis sobre los sacramentos. En la audiencia de hoy volvi\u00f3 a hablar de la Eucarist\u00eda.\u00a0<o:p><\/o:p><\/span><\/p>\n<p class=\"MsoNormal\" style=\"margin-bottom: 0.0001pt; text-align: justify;\"><span lang=\"ES\">Dijo que hay tres se\u00f1ales que permiten a los cristianos descubrir cu\u00e1l es su relaci\u00f3n con este sacramento: la forma de relacionarse con otros cristianos, la necesidad de ser perdonados y perdonar y la coherencia entre la liturgia y la vida de comunidad.<o:p><\/o:p><\/span><\/p>\n<p class=\"MsoNormal\" style=\"margin-bottom: 0.0001pt; text-align: justify;\"><span lang=\"ES\">Francisco record\u00f3 que la Eucarist\u00eda \u00abno es un mero recuerdo de algunos dichos y hechos de Jes\u00fas sino que es obra y don de Cristo\u201d.<o:p><\/o:p><\/span><\/p>\n<p class=\"MsoNormal\" style=\"margin-bottom: 0.0001pt;\"><span lang=\"ES\">\u00a0<\/span><\/p>\n<p class=\"MsoNormal\" style=\"margin-bottom: 0.0001pt;\"><b><span lang=\"ES\">RESUMEN DE LA CATEQUESIS DEL PAPA<\/span><\/b><span lang=\"ES\"><o:p><\/o:p><\/span><\/p>\n<p class=\"MsoNormal\" style=\"margin-bottom: 0.0001pt;\"><i><span lang=\"ES\">Queridos hermanos y hermanas:<\/span><\/i><span lang=\"ES\"><o:p><\/o:p><\/span><\/p>\n<p class=\"MsoNormal\" style=\"margin-bottom: 0.0001pt; text-align: justify;\"><i><span lang=\"ES\">Hoy nos preguntamos qu\u00e9 relaci\u00f3n tiene la Eucarist\u00eda con nuestra vida. Hay unos indicadores concretos que nos ayudan en este sentido. (&#8230;) El primero es el modo de relacionarnos con los dem\u00e1s. A Jes\u00fas le gustaba estar con la gente, compartir sus anhelos, problemas y preocupaciones. En la Santa Misa nos encontramos con muchas personas, pero \u00bflas vemos en verdad como hermanos y hermanas? \u00bfLa Eucarist\u00eda nos lleva a salir al encuentro de los pobres, de los enfermos, de los marginados, viendo en ellos el rostro de Jes\u00fas? (\u2026)<\/span><\/i><span lang=\"ES\"><o:p><\/o:p><\/span><\/p>\n<p class=\"MsoNormal\" style=\"margin-bottom: 0.0001pt; text-align: justify;\"><i><span lang=\"ES\">Un segundo indicador es sentirnos perdonados e impulsados a perdonar. (&#8230;) Quien celebra la Eucarist\u00eda no lo hace porque sea mejor que los dem\u00e1s, sino porque se reconoce necesitado de la misericordia de Dios. Un \u00faltimo indicador es la coherencia entre la liturgia y la vida de nuestras comunidades. La Eucarist\u00eda no es un mero recuerdo de algunos dichos y hechos de Jes\u00fas. Es obra y don de Cristo presente all\u00ed que sale a nuestro encuentro y nos alimenta con su Palabra y su vida.<\/span><\/i><span lang=\"ES\"><o:p><\/o:p><\/span><\/p>\n<p class=\"MsoNormal\" style=\"margin-bottom: 0.0001pt; text-align: justify;\"><span lang=\"ES\">\u00a0<\/span><i><span lang=\"ES\">***<\/span><\/i><span lang=\"ES\"><o:p><\/o:p><\/span><\/p>\n<p class=\"MsoNormal\" style=\"margin-bottom: 0.0001pt; text-align: justify;\"><i><span lang=\"ES\">Saludo a los peregrinos de lengua espa\u00f1ola, en particular a los miembros de la Hermandad matriz de Nuestra Se\u00f1ora del Roc\u00edo, acompa\u00f1ados por el Obispo de Huelva, as\u00ed como a los dem\u00e1s grupos provenientes de Espa\u00f1a, Argentina, M\u00e9xico y otros pa\u00edses latinoamericanos. Invito a todos a vivir la Eucarist\u00eda con esp\u00edritu de fe y de oraci\u00f3n, sabiendo que quien come el Cuerpo de Cristo y bebe su Sangre tendr\u00e1 la vida eterna. Muchas gracias.<\/span><\/i><span lang=\"ES\"><o:p><\/o:p><\/span><\/p>\n<p class=\"MsoNormal\"><span lang=\"ES\">\u00a0<\/span><i><span lang=\"ES\">Tomado de: Rome Reports del 12\/02\/14<o:p><\/o:p><\/span><\/i><\/p>\n<p><a href=\"http:\/\/web.hilo.org.pe\/wp-content\/uploads\/EUCARISTIA.jpg\" target=\"_blank\" rel=\"noopener\">Ver archivo adjunto<\/a><\/p>\n","protected":false},"excerpt":{"rendered":"<p>El Papa Francisco continu? con su catequesis sobre los sacramentos. En la audiencia de hoy volvi? a hablar de la Eucarist?a.<\/p>\n","protected":false},"author":1,"featured_media":7874,"comment_status":"closed","ping_status":"closed","sticky":false,"template":"","format":"standard","meta":{"footnotes":""},"categories":[9],"tags":[],"class_list":["post-1671","post","type-post","status-publish","format-standard","has-post-thumbnail","hentry","category-noticias"],"_links":{"self":[{"href":"https:\/\/ceas.org.pe\/index.php\/wp-json\/wp\/v2\/posts\/1671","targetHints":{"allow":["GET"]}}],"collection":[{"href":"https:\/\/ceas.org.pe\/index.php\/wp-json\/wp\/v2\/posts"}],"about":[{"href":"https:\/\/ceas.org.pe\/index.php\/wp-json\/wp\/v2\/types\/post"}],"author":[{"embeddable":true,"href":"https:\/\/ceas.org.pe\/index.php\/wp-json\/wp\/v2\/users\/1"}],"replies":[{"embeddable":true,"href":"https:\/\/ceas.org.pe\/index.php\/wp-json\/wp\/v2\/comments?post=1671"}],"version-history":[{"count":1,"href":"https:\/\/ceas.org.pe\/index.php\/wp-json\/wp\/v2\/posts\/1671\/revisions"}],"predecessor-version":[{"id":7547,"href":"https:\/\/ceas.org.pe\/index.php\/wp-json\/wp\/v2\/posts\/1671\/revisions\/7547"}],"wp:featuredmedia":[{"embeddable":true,"href":"https:\/\/ceas.org.pe\/index.php\/wp-json\/wp\/v2\/media\/7874"}],"wp:attachment":[{"href":"https:\/\/ceas.org.pe\/index.php\/wp-json\/wp\/v2\/media?parent=1671"}],"wp:term":[{"taxonomy":"category","embeddable":true,"href":"https:\/\/ceas.org.pe\/index.php\/wp-json\/wp\/v2\/categories?post=1671"},{"taxonomy":"post_tag","embeddable":true,"href":"https:\/\/ceas.org.pe\/index.php\/wp-json\/wp\/v2\/tags?post=1671"}],"curies":[{"name":"wp","href":"https:\/\/api.w.org\/{rel}","templated":true}]}}