{"id":1668,"date":"2014-02-11T12:48:19","date_gmt":"2014-02-11T12:48:19","guid":{"rendered":""},"modified":"2026-03-11T09:12:25","modified_gmt":"2026-03-11T14:12:25","slug":"11-de-febrero-xxii-jornada-mundial-del-enfermo","status":"publish","type":"post","link":"https:\/\/ceas.org.pe\/index.php\/2014\/02\/11\/11-de-febrero-xxii-jornada-mundial-del-enfermo\/","title":{"rendered":"11 de febrero: XXII Jornada Mundial del Enfermo"},"content":{"rendered":"<div>\n<div>MENSAJE DEL SANTO PADRE FRANCISCO<\/div>\n<div>CON OCASI\u00d3N DE LA XXII JORNADA MUNDIAL DEL ENFERMO 2014<\/div>\n<div>\u00a0<\/div>\n<div>Fe y caridad: \u201cTambi\u00e9n nosotros debemos dar la vida por los hermanos\u201d (1 Jn 3,16)<\/div>\n<div>\u00a0<\/div>\n<div>Queridos hermanos y hermanas:<\/div>\n<div>\u00a0<\/div>\n<div>1. Con ocasi\u00f3n de la XXII Jornada Mundial del Enfermo, que este a\u00f1o tiene como tema Fe y caridad: \u201cTambi\u00e9n nosotros debemos dar la vida por los hermanos\u201d (1 Jn 3,16), me dirijo particularmente a las personas enfermas y a todos los que les prestan asistencia y cuidado. Queridos enfermos, la Iglesia reconoce en vosotros una presencia especial de Cristo que sufre. En efecto, junto, o mejor a\u00fan, dentro de nuestro sufrimiento est\u00e1 el de Jes\u00fas, que lleva a nuestro lado el peso y revela su sentido. Cuando el Hijo de Dios fue crucificado, destruy\u00f3 la soledad del sufrimiento e ilumin\u00f3 su oscuridad. De este modo, estamos frente al misterio del amor de Dios por nosotros, que nos infunde esperanza y valor: esperanza, porque en el plan de amor de Dios tambi\u00e9n la noche del dolor se abre a la luz pascual; y valor para hacer frente a toda adversidad en su compa\u00f1\u00eda, unidos a \u00e9l.<\/div>\n<div>\u00a0<\/div>\n<div>2. \u00a0El Hijo de Dios hecho hombre no ha eliminado de la experiencia humana la enfermedad y el sufrimiento sino que, tom\u00e1ndolos sobre s\u00ed, los ha transformado y delimitado. Delimitado, porque ya no tienen la \u00faltima palabra que, por el contrario, es la vida nueva en plenitud; transformado, porque en uni\u00f3n con Cristo, de experiencias negativas, pueden llegar a ser positivas. Jes\u00fas es el camino, y con su Esp\u00edritu podemos seguirle. Como el Padre ha entregado al Hijo por amor, y el Hijo se entreg\u00f3 por el mismo amor, tambi\u00e9n nosotros podemos amar a los dem\u00e1s como Dios nos ha amado, dando la vida por nuestros hermanos. La fe en el Dios bueno se convierte en bondad, la fe en Cristo Crucificado se convierte en fuerza para amar hasta el final y hasta a los enemigos. La prueba de la fe aut\u00e9ntica en Cristo es el don de s\u00ed, el difundirse del amor por el pr\u00f3jimo, especialmente por el que no lo merece, por el que sufre, por el que est\u00e1 marginado.<\/div>\n<div>\u00a0<\/div>\n<div>3. En virtud del Bautismo y de la Confirmaci\u00f3n estamos llamados a configurarnos con Cristo, el Buen Samaritano de todos los que sufren. \u201cEn esto hemos conocido lo que es el amor: en que \u00e9l dio su vida por nosotros. Tambi\u00e9n nosotros debemos dar la vida por los hermanos\u201d (1 Jn 3,16). Cuando nos acercamos con ternura a los que necesitan atenci\u00f3n, llevamos la esperanza y la sonrisa de Dios en medio de las contradicciones del mundo. Cuando la entrega generosa hacia los dem\u00e1s se vuelve el estilo de nuestras acciones, damos espacio al Coraz\u00f3n de Cristo y el nuestro se inflama, ofreciendo as\u00ed nuestra aportaci\u00f3n a la llegada del Reino de Dios.<\/div>\n<div>\u00a0<\/div>\n<div>4. Para crecer en la ternura, en la caridad respetuosa y delicada, nosotros tenemos un modelo cristiano a quien dirigir con seguridad nuestra mirada. Es la Madre de Jes\u00fas y Madre nuestra, atenta a la voz de Dios y a las necesidades y dificultades de sus hijos. Mar\u00eda, animada por la divina misericordia, que en ella se hace carne, se olvida de s\u00ed misma y se encamina r\u00e1pidamente de Galilea a Jud\u00e1 para encontrar y ayudar a su prima Isabel; intercede ante su Hijo en las bodas de Can\u00e1 cuando ve que falta el vino para la fiesta; a lo largo de su vida, lleva en su coraz\u00f3n las palabras del anciano Sime\u00f3n anunciando que una espada atravesar\u00e1 su alma, y permanece con fortaleza a los pies de la cruz de Jes\u00fas. Ella sabe muy bien c\u00f3mo se sigue este camino y por eso es la Madre de todos los enfermos y de todos los que sufren. Podemos recurrir confiados a ella con filial devoci\u00f3n, seguros decque nos asistir\u00e1, nos sostendr\u00e1 y no nos abandonar\u00e1. Es la Madre del crucificado resucitado: permanece al lado de nuestras cruces y nos acompa\u00f1a en el camino hacia la resurrecci\u00f3n y la vida plena.<\/div>\n<div>\u00a0<\/div>\n<div>5. San Juan, el disc\u00edpulo que estaba con Mar\u00eda a los pies de la Cruz, hace que nos remontemos a las fuentes de la fe y de la caridad, al coraz\u00f3n de Dios que \u201ces amor\u201d (1 Jn 4,8.16), y nos recuerda que no podemos amar a Dios si no amamos a los hermanos. El que est\u00e1 bajo la cruz con Mar\u00eda, aprende a amar como Jes\u00fas. La Cruz \u00a0es \u201cla certeza del amor fiel de Dios por nosotros. Un amor tan grande que entra en nuestro pecado y lo perdona, entra en nuestro sufrimiento y nos da fuerza para sobrellevarlo, entra tambi\u00e9n en la muerte para vencerla y salvarnos\u2026 La Cruz de Cristo invita tambi\u00e9n a dejarnos contagiar por este amor, nos ense\u00f1a as\u00ed a mirar siempre al otro con misericordia y amor, sobre todo a quien sufre, a quien tiene necesidad de ayuda\u201d (V\u00eda Crucis con los j\u00f3venes, R\u00edo de Janeiro, 26 de julio de 2013).<\/div>\n<div>\u00a0<\/div>\n<div>Conf\u00edo esta XXII Jornada Mundial del Enfermo a la intercesi\u00f3n de Mar\u00eda, para que ayude a las personas enfermas a vivir su propio sufrimiento en comuni\u00f3n con Jesucristo, y sostenga a los que los cuidan. A todos, enfermos, agentes sanitarios y voluntarios, imparto de coraz\u00f3n la Bendici\u00f3n Apost\u00f3lica.<\/div>\n<div>\u00a0<\/div>\n<div>Vaticano, 6 de diciembre de 2013<\/div>\n<div>\u00a0<\/div>\n<div>FRANCISCO<\/div>\n<div>\u00a0<\/div>\n<div>\u00a0<\/div>\n<\/div>\n<div>\u00a0<\/div>\n<p><a href=\"http:\/\/web.hilo.org.pe\/wp-content\/uploads\/20140211_enfermos.jpg\" target=\"_blank\" rel=\"noopener\">Ver archivo adjunto<\/a><\/p>\n","protected":false},"excerpt":{"rendered":"<p>1. Con ocasi?n de la XXII Jornada Mundial del Enfermo, que este a?o tiene como tema Fe y caridad: ?Tambi?n nosotros debemos dar la vida por los hermanos? (1 Jn 3,16), me dirijo particularmente a las personas enfermas y a todos los que les prestan asistencia y cuidado. Queridos enfermos, la Iglesia reconoce en vosotros una presencia especial de Cristo que sufre.<\/p>\n","protected":false},"author":1,"featured_media":7848,"comment_status":"closed","ping_status":"closed","sticky":false,"template":"","format":"standard","meta":{"footnotes":""},"categories":[9],"tags":[],"class_list":["post-1668","post","type-post","status-publish","format-standard","has-post-thumbnail","hentry","category-noticias"],"_links":{"self":[{"href":"https:\/\/ceas.org.pe\/index.php\/wp-json\/wp\/v2\/posts\/1668","targetHints":{"allow":["GET"]}}],"collection":[{"href":"https:\/\/ceas.org.pe\/index.php\/wp-json\/wp\/v2\/posts"}],"about":[{"href":"https:\/\/ceas.org.pe\/index.php\/wp-json\/wp\/v2\/types\/post"}],"author":[{"embeddable":true,"href":"https:\/\/ceas.org.pe\/index.php\/wp-json\/wp\/v2\/users\/1"}],"replies":[{"embeddable":true,"href":"https:\/\/ceas.org.pe\/index.php\/wp-json\/wp\/v2\/comments?post=1668"}],"version-history":[{"count":1,"href":"https:\/\/ceas.org.pe\/index.php\/wp-json\/wp\/v2\/posts\/1668\/revisions"}],"predecessor-version":[{"id":7550,"href":"https:\/\/ceas.org.pe\/index.php\/wp-json\/wp\/v2\/posts\/1668\/revisions\/7550"}],"wp:featuredmedia":[{"embeddable":true,"href":"https:\/\/ceas.org.pe\/index.php\/wp-json\/wp\/v2\/media\/7848"}],"wp:attachment":[{"href":"https:\/\/ceas.org.pe\/index.php\/wp-json\/wp\/v2\/media?parent=1668"}],"wp:term":[{"taxonomy":"category","embeddable":true,"href":"https:\/\/ceas.org.pe\/index.php\/wp-json\/wp\/v2\/categories?post=1668"},{"taxonomy":"post_tag","embeddable":true,"href":"https:\/\/ceas.org.pe\/index.php\/wp-json\/wp\/v2\/tags?post=1668"}],"curies":[{"name":"wp","href":"https:\/\/api.w.org\/{rel}","templated":true}]}}