{"id":1663,"date":"2014-02-06T21:08:50","date_gmt":"2014-02-06T21:08:50","guid":{"rendered":""},"modified":"2026-03-11T09:12:25","modified_gmt":"2026-03-11T14:12:25","slug":"cambio-climotico-y-hambre-en-el-mundo","status":"publish","type":"post","link":"https:\/\/ceas.org.pe\/index.php\/2014\/02\/06\/cambio-climotico-y-hambre-en-el-mundo\/","title":{"rendered":"Cambio clim\u00f3tico y hambre en el mundo"},"content":{"rendered":"<p>De cara a la 20ava Asamblea de la Convenci\u00f3n de partes y pa\u00edses miembros de las Naciones Unidas sobre el Cambio Clim\u00e1tico COP 20, se avizora un futuro incierto para el mundo y sobre todo, para los pa\u00edses y poblaciones m\u00e1s vulnerables.<\/p>\n<p>Hasta la fecha, las emisiones de gases que elevan la temperatura del planeta siguen en aumento. En desmedro de todo el planeta, vemos el desarrollo cada vez mayor de desastres naturales, la extinci\u00f3n de decenas de especies, miles de kil\u00f3metros de tierras degradadas y miles de hect\u00e1reas de territorios deforestados. Crece el desplazamiento de poblaciones humanas y de diversas especies animales. Al mismo tiempo, se elevan las epidemias y las plagas que afectan los cultivos de alimentos.<\/p>\n<p>Cada a\u00f1o, nuestros pa\u00edses pierden vidas y pierden en su econom\u00eda por la ambici\u00f3n y el crecimiento insostenible de pr\u00e1cticas econ\u00f3micas anti-ecol\u00f3gicas. En vez de reducirse los principales contaminantes del planeta, vemos un creciente af\u00e1n por negociar con los bienes naturales e influir en los Estados para que estos flexibilicen sus pol\u00edticas ambientales.<\/p>\n<p>El COP 19 realizado en Varsovia (Polonia, nos ha llevado a ver desde la sociedad civil, la presi\u00f3n de las multinacionales sobre las Naciones Unidas y los Estados que la conforman 1. Lo mismo se avizora para el COP 20 a realizarse en Lima &#8211; Per\u00fa \u00bfA d\u00f3nde llegaremos? Desde los a\u00f1os setenta esta pregunta ha dado la vuelta al mundo y quienes ostentan el poder econ\u00f3mico han hecho o\u00eddos sordos, acusando y persiguiendo a quienes se han opuesto a tener un m\u00ednimo de responsabilidad social y ambiental integra.<\/p>\n<p>Desde el inicio de las negociaciones, hubo luchas por que las emisiones de gases tipo invernadero se reduzcan por lo menos en un 20 por ciento. Hasta la fecha, las negociaciones siguen para que estos gases por lo menos se reduzcan en la pr\u00e1ctica en un 5 por ciento. El problema est\u00e1 en que tales siguen en aumento a pesar de los compromisos y esfuerzos crecientes de algunos Estados y miembros de la sociedad civil. Entre los pa\u00edses m\u00e1s contaminantes del mundo est\u00e1n principalmente los pa\u00edses llamados industrializados, pero, tambi\u00e9n est\u00e1n pa\u00edses como Per\u00fa y Brasil, que deforestan a\u00f1o a a\u00f1o miles de hect\u00e1reas, sobre todo, de la Amazon\u00eda.<\/p>\n<p>Seg\u00fan datos del Fondo Mundial para la Naturaleza WWF que ofrece un reporte sobre las condiciones ambientales de la Tierra desde 1998, compar\u00e1ndolo con datos de hasta 1970: Si se repartiera la superficie del planeta de manera equitativa, a cada persona la corresponder\u00edan unas 1,8 hect\u00e1reas. Este \u00edndice refleja el \u00e1rea actualmente disponible para cada habitante para producir los recursos y absorber las emisiones. Pero desde la d\u00e9cada de 1970, la humanidad supera la capacidad regenerativa del planeta, denominada bio-capacidad global, y requiere de 2,7 hect\u00e1reas por persona. Por lo tanto, la Huella Ecol\u00f3gica, que analiza la demanda humana sobre los ecosistemas, es 1,5 veces mayor a lo que deber\u00eda ser en el caso de un consumo sostenible 2.<\/p>\n<p>De acuerdo a informaci\u00f3n de la Organizaci\u00f3n de Naciones Unidas para la Alimentaci\u00f3n y la Agricultura FAO ya desde el 2009 \u201cel hambre en el mundo habr\u00eda alcanzado un r\u00e9cord hist\u00f3rico con 1,020 millones de personas que pasan hambre a diario\u201d. La mayor\u00eda de estas personas se encuentran en pa\u00edses en desarrollo y que en la regi\u00f3n de Am\u00e9rica Latina y el Caribe LAC habitan unas 53 millones de personas con un acceso insuficiente a los alimentos de las cuales se estima que un 16 por ciento de aquel total sean ni\u00f1os menores de 5 a\u00f1os de edad 3.<\/p>\n<p>\u00bfHasta qu\u00e9 punto esperaremos para lograr compromisos realmente concretos que reviertan y prevengan el avance de esta situaci\u00f3n? Depende de cada uno de nosotros exigir nuestro derecho a un medio ambiente saludable y sostenible para todos.<\/p>\n<p><em>Fuente: servindi.org<\/em><\/p>\n<p><a href=\"http:\/\/web.hilo.org.pe\/wp-content\/uploads\/cambio climatico.jpg\" target=\"_blank\" rel=\"noopener\">Ver archivo adjunto<\/a><\/p>\n","protected":false},"excerpt":{"rendered":"<p>De cara a la 20ava Asamblea de la Convenci?n de partes y pa?ses miembros de las Naciones Unidas sobre el Cambio Clim?tico (COP 20), se avizora un futuro incierto para el mundo y sobre todo, para los pa?ses y poblaciones m?s vulnerables.<\/p>\n","protected":false},"author":1,"featured_media":7910,"comment_status":"closed","ping_status":"closed","sticky":false,"template":"","format":"standard","meta":{"footnotes":""},"categories":[9],"tags":[],"class_list":["post-1663","post","type-post","status-publish","format-standard","has-post-thumbnail","hentry","category-noticias"],"_links":{"self":[{"href":"https:\/\/ceas.org.pe\/index.php\/wp-json\/wp\/v2\/posts\/1663","targetHints":{"allow":["GET"]}}],"collection":[{"href":"https:\/\/ceas.org.pe\/index.php\/wp-json\/wp\/v2\/posts"}],"about":[{"href":"https:\/\/ceas.org.pe\/index.php\/wp-json\/wp\/v2\/types\/post"}],"author":[{"embeddable":true,"href":"https:\/\/ceas.org.pe\/index.php\/wp-json\/wp\/v2\/users\/1"}],"replies":[{"embeddable":true,"href":"https:\/\/ceas.org.pe\/index.php\/wp-json\/wp\/v2\/comments?post=1663"}],"version-history":[{"count":1,"href":"https:\/\/ceas.org.pe\/index.php\/wp-json\/wp\/v2\/posts\/1663\/revisions"}],"predecessor-version":[{"id":7557,"href":"https:\/\/ceas.org.pe\/index.php\/wp-json\/wp\/v2\/posts\/1663\/revisions\/7557"}],"wp:featuredmedia":[{"embeddable":true,"href":"https:\/\/ceas.org.pe\/index.php\/wp-json\/wp\/v2\/media\/7910"}],"wp:attachment":[{"href":"https:\/\/ceas.org.pe\/index.php\/wp-json\/wp\/v2\/media?parent=1663"}],"wp:term":[{"taxonomy":"category","embeddable":true,"href":"https:\/\/ceas.org.pe\/index.php\/wp-json\/wp\/v2\/categories?post=1663"},{"taxonomy":"post_tag","embeddable":true,"href":"https:\/\/ceas.org.pe\/index.php\/wp-json\/wp\/v2\/tags?post=1663"}],"curies":[{"name":"wp","href":"https:\/\/api.w.org\/{rel}","templated":true}]}}