{"id":1658,"date":"2014-02-04T14:37:52","date_gmt":"2014-02-04T14:37:52","guid":{"rendered":""},"modified":"2026-03-11T09:12:25","modified_gmt":"2026-03-11T14:12:25","slug":"el-papa-advierte-en-su-mensaje-para-la-cuaresma-contra-ola-limosna-que-no-cuesta-nadao","status":"publish","type":"post","link":"https:\/\/ceas.org.pe\/index.php\/2014\/02\/04\/el-papa-advierte-en-su-mensaje-para-la-cuaresma-contra-ola-limosna-que-no-cuesta-nadao\/","title":{"rendered":"El Papa advierte en su mensaje para la Cuaresma contra \u00f3la limosna que no cuesta nada\u00f3"},"content":{"rendered":"<p>\u00a0<span style=\"text-align: justify;\">El mensaje explica<\/span><span style=\"text-align: justify;\"> el significado de la pobreza<\/span><span style=\"text-align: justify;\">. Seg\u00fan el Papa, va m\u00e1s all\u00e1 del sentido habitual. Adem\u00e1s distingue entre pobreza y miseria.<\/span><\/p>\n<p class=\"MsoNormal\" style=\"margin-bottom: 0.0001pt; text-align: justify;\"><span lang=\"ES\"><br \/>\nCARD. ROBERT SARAH<\/span><span lang=\"ES\"><o:p><\/o:p><\/span><\/p>\n<p class=\"MsoNormal\" style=\"margin-bottom: 0.0001pt; text-align: justify;\"><span lang=\"ES\">Presidente, Pontificio Consejo Cor Unum<\/span><span lang=\"ES\"><o:p><\/o:p><\/span><\/p>\n<p class=\"MsoNormal\" style=\"margin-bottom: 0.0001pt; text-align: justify;\"><span lang=\"ES\">\u00abEl coraz\u00f3n del mensaje es Cristo pobre. Nuestro modelo de pobreza, nuestra visi\u00f3n, debe inspirarse en el n\u00facleo del mensaje, Cristo pobre\u201d.<o:p><\/o:p><\/span><\/p>\n<p class=\"MsoNormal\" style=\"margin-bottom: 0.0001pt; text-align: justify;\"><span lang=\"ES\">\u00a0<\/span><\/p>\n<p class=\"MsoNormal\" style=\"margin-bottom: 0.0001pt; text-align: justify;\"><span lang=\"ES\">MONS. GIAMPIETRO DAL TOSO<\/span><span lang=\"ES\"><o:p><\/o:p><\/span><\/p>\n<p class=\"MsoNormal\" style=\"margin-bottom: 0.0001pt; text-align: justify;\"><span lang=\"ES\">Secretario, Pontificio Consejo Cor Unum<\/span><span lang=\"ES\"><o:p><\/o:p><\/span><\/p>\n<p class=\"MsoNormal\" style=\"margin-bottom: 0.0001pt; text-align: justify;\"><span lang=\"ES\">\u00abEl hombre, cuanto m\u00e1s pobre, m\u00e1s capacidad tiene de acoger a Cristo y a sus hermanos. Otra cosa es la miseria. El Papa dice que hay, al menos, tres tipos de miseria: material, moral y espiritual. La Iglesia est\u00e1 empe\u00f1ada en combatir estas miserias\u201d.<o:p><\/o:p><\/span><\/p>\n<p class=\"MsoNormal\" style=\"margin-bottom: 0.0001pt; text-align: justify;\"><span lang=\"ES\">El cardenal Robert Sarah y Giampietro dal Toso presentaron el mensaje en el Vaticano. El Papa explica que la miseria material es la que se suele llamar \u00abpobreza\u201d y surge cuando se pierde el derecho a vivir con dignidad. La Iglesia lucha para devolver esa dignidad promoviendo la justicia y la igualdad.<o:p><\/o:p><\/span><\/p>\n<p class=\"MsoNormal\" style=\"margin-bottom: 0.0001pt; text-align: justify;\"><span lang=\"ES\">El Papa describe la miseria moral como la \u00abesclavitud del vicio y del pecado\u201d que abarca \u201cel alcohol, el juego, las drogas y la pornograf\u00eda\u201d. Dice que va de la mano de la falta de oportunidades para vivir con dignidad. La miseria espiritual procede de rechazar el amor de Dios.<o:p><\/o:p><\/span><\/p>\n<p class=\"MsoNormal\" style=\"margin-bottom: 0.0001pt; text-align: justify;\"><span lang=\"ES\">Francisco pide combatir la miseria e invita a que cada persona ofrezca algo en Cuaresma que pueda ayudar a los otros. Pero, al mismo tiempo, advierte del peligro de una \u00a0\u00abcaridad que no cuesta nada y que no duele a quien la hace\u201d.<o:p><\/o:p><\/span><\/p>\n<p class=\"MsoNormal\" style=\"margin-bottom: 0.0001pt; text-align: justify;\"><span lang=\"ES\">\u00a0<\/span><\/p>\n<p class=\"MsoNormal\" style=\"margin-bottom: 0.0001pt; text-align: justify;\"><span lang=\"ES\">MONS. GIAMPIETRO DAL TOSO<\/span><span lang=\"ES\"><o:p><\/o:p><\/span><\/p>\n<p class=\"MsoNormal\" style=\"margin-bottom: 0.0001pt; text-align: justify;\"><span lang=\"ES\">Secretario, Pontificio Consejo Cor Unum<\/span><span lang=\"ES\"><o:p><\/o:p><\/span><\/p>\n<p class=\"MsoNormal\" style=\"margin-bottom: 0.0001pt; text-align: justify;\"><span lang=\"ES\">\u00abLa caridad no es un don que viene dado desde arriba sino que debe ser algo que implique a la persona, que venga de lo profundo de uno mismo. Por eso no puede ser algo superfluo. La limosna es una expresi\u00f3n externa de un compromiso de vida que cada uno contrae con los dem\u00e1s\u201d.<o:p><\/o:p><\/span><\/p>\n<p class=\"MsoNormal\" style=\"margin-bottom: 0.0001pt; text-align: justify;\"><span lang=\"ES\">El Papa dice que la pobreza con la que Cristo salv\u00f3 a la humanidad, enriquece a los hombres porque son hijos de Dios. Explica que otorga a la persona compasi\u00f3n, solidaridad y ternura.<o:p><\/o:p><\/span><\/p>\n<p class=\"MsoNormal\"><i><span lang=\"ES\">Tomado de Rome Reports del 04\/02\/14<o:p><\/o:p><\/span><\/i><\/p>\n<p><a href=\"http:\/\/web.hilo.org.pe\/wp-content\/uploads\/LA LIMOSNA.jpg\" target=\"_blank\" rel=\"noopener\">Ver archivo adjunto<\/a><\/p>\n","protected":false},"excerpt":{"rendered":"<p>En su primer mensaje para la Cuaresma el Papa Francisco se centra en la pobreza y ofrece algunas pautas para llegar a construir una \u00abIglesia pobre para los pobres?.<\/p>\n","protected":false},"author":1,"featured_media":7874,"comment_status":"closed","ping_status":"closed","sticky":false,"template":"","format":"standard","meta":{"footnotes":""},"categories":[9],"tags":[],"class_list":["post-1658","post","type-post","status-publish","format-standard","has-post-thumbnail","hentry","category-noticias"],"_links":{"self":[{"href":"https:\/\/ceas.org.pe\/index.php\/wp-json\/wp\/v2\/posts\/1658","targetHints":{"allow":["GET"]}}],"collection":[{"href":"https:\/\/ceas.org.pe\/index.php\/wp-json\/wp\/v2\/posts"}],"about":[{"href":"https:\/\/ceas.org.pe\/index.php\/wp-json\/wp\/v2\/types\/post"}],"author":[{"embeddable":true,"href":"https:\/\/ceas.org.pe\/index.php\/wp-json\/wp\/v2\/users\/1"}],"replies":[{"embeddable":true,"href":"https:\/\/ceas.org.pe\/index.php\/wp-json\/wp\/v2\/comments?post=1658"}],"version-history":[{"count":1,"href":"https:\/\/ceas.org.pe\/index.php\/wp-json\/wp\/v2\/posts\/1658\/revisions"}],"predecessor-version":[{"id":7560,"href":"https:\/\/ceas.org.pe\/index.php\/wp-json\/wp\/v2\/posts\/1658\/revisions\/7560"}],"wp:featuredmedia":[{"embeddable":true,"href":"https:\/\/ceas.org.pe\/index.php\/wp-json\/wp\/v2\/media\/7874"}],"wp:attachment":[{"href":"https:\/\/ceas.org.pe\/index.php\/wp-json\/wp\/v2\/media?parent=1658"}],"wp:term":[{"taxonomy":"category","embeddable":true,"href":"https:\/\/ceas.org.pe\/index.php\/wp-json\/wp\/v2\/categories?post=1658"},{"taxonomy":"post_tag","embeddable":true,"href":"https:\/\/ceas.org.pe\/index.php\/wp-json\/wp\/v2\/tags?post=1658"}],"curies":[{"name":"wp","href":"https:\/\/api.w.org\/{rel}","templated":true}]}}