{"id":1657,"date":"2014-02-04T14:22:28","date_gmt":"2014-02-04T14:22:28","guid":{"rendered":""},"modified":"2026-03-11T09:12:25","modified_gmt":"2026-03-11T14:12:25","slug":"el-papa-francisco-en-santa-marta-dios-es-un-padre-que-llora-por-sus-hijos","status":"publish","type":"post","link":"https:\/\/ceas.org.pe\/index.php\/2014\/02\/04\/el-papa-francisco-en-santa-marta-dios-es-un-padre-que-llora-por-sus-hijos\/","title":{"rendered":"El Papa Francisco en Santa Marta: Dios es un padre que llora por sus hijos"},"content":{"rendered":"<p>\u00a0<span style=\"text-align: justify;\">Francisco record\u00f3 las historias dos padres que perdieron a sus hijos:<\/span><span style=\"text-align: justify;\"> El rey David que perdi\u00f3 a Absal\u00f3n<\/span><span style=\"text-align: justify;\">, y Jairo, el jefe de la sinagoga que perdi\u00f3 a su hija.<\/span><\/p>\n<p class=\"MsoNormal\" style=\"margin-bottom: 0.0001pt; text-align: justify;\"><span lang=\"ES\">\u00a0<\/span><\/p>\n<p class=\"MsoNormal\" style=\"margin-bottom: 0.0001pt; text-align: justify;\"><span lang=\"ES\">FRANCISCO<\/span><span lang=\"ES\"><o:p><\/o:p><\/span><\/p>\n<p class=\"MsoNormal\" style=\"margin-bottom: 0.0001pt; text-align: justify;\"><i><span lang=\"ES\">\u201cY con estas dos im\u00e1genes digamos: \u201cCreo en Dios Padre\u2026\u201d. Y pidamos al Esp\u00edritu Santo, porque s\u00f3lo \u00c9l puede, el Esp\u00edritu Santo, que nos ense\u00f1e a decir: \u201c\u00a1Abba!, \u00a1Padre!\u201d. \u00a1Es una gracia! Poder decir a Dios \u201c\u00a1Padre!\u201d con el coraz\u00f3n. Es una gracia del Esp\u00edritu Santo. \u00a1Ped\u00eddsela a \u00c9l!\u201d.<\/span><\/i><span lang=\"ES\"><o:p><\/o:p><\/span><\/p>\n<p class=\"MsoNormal\" style=\"margin-bottom: 0.0001pt; text-align: justify;\"><span lang=\"ES\">El Papa explic\u00f3 que Dios es como el padre de la par\u00e1bola del hijo pr\u00f3digo que espera al hijo que ha gastado toda la herencia. Francisco dijo que ese es el tipo de paternidad espiritual que deben tener tambi\u00e9n los sacerdotes y obispos.\u00a0<o:p><\/o:p><\/span><\/p>\n<p class=\"MsoNormal\" style=\"margin-bottom: 0.0001pt; text-align: justify;\"><span lang=\"ES\">\u00a0<\/span><\/p>\n<p class=\"MsoNormal\" style=\"margin-bottom: 0.0001pt; text-align: justify;\"><span lang=\"ES\">\u00a0<\/span><\/p>\n<p class=\"MsoNormal\" style=\"margin-bottom: 0.0001pt; text-align: justify;\"><b><span lang=\"ES\">EXTRACTO DE LA HOMIL\u00cdA DEL PAPA<\/span><\/b><span lang=\"ES\"><o:p><\/o:p><\/span><\/p>\n<p class=\"MsoNormal\" style=\"margin-bottom: 0.0001pt; text-align: justify;\"><span lang=\"ES\">(Fuente: Radio Vaticana)\u00a0<o:p><\/o:p><\/span><\/p>\n<p class=\"MsoNormal\" style=\"margin-bottom: 0.0001pt; text-align: justify;\"><i><span lang=\"ES\">\u201cY\u00e9ndose dec\u00eda: \u00a1Hijo m\u00edo, Absal\u00f3n. Hijo m\u00edo! \u00a1Hijo m\u00edo, Absal\u00f3n! \u00a1Hubiera muerto yo en vez de ti! \u00a1Absal\u00f3n, Hijo m\u00edo! \u00a1Hijo m\u00edo!\u201d. \u00c9ste es el coraz\u00f3n de un padre, que jam\u00e1s reniega a su hijo. \u201cEs un brib\u00f3n. Es un enemigo. \u00a1Pero es mi hijo!\u201d. Y no reniega la paternidad: llor\u00f3\u2026 David llor\u00f3 dos veces por un hijo: esta vez y la otra cuando el hijo del adulterio estaba por morir. Tambi\u00e9n aquella vez ayun\u00f3, hizo penitencia para salvar la vida del hijo. \u00a1Era un padre!\u201d.<\/span><\/i><span lang=\"ES\"><o:p><\/o:p><\/span><\/p>\n<p class=\"MsoNormal\" style=\"margin-bottom: 0.0001pt; text-align: justify;\"><i><span lang=\"ES\">\u201c\u00a1Para ellos aquello que es lo m\u00e1s importante es el hijo, la hija! No existe otra cosa. \u00a1La \u00fanica cosa importante! Nos hace pensar a la primera cosa que nosotros decimos a Dios, en el Credo: \u201cCreo en Dios Padre\u2026\u201d. Nos hace pensar en la paternidad de Dios. Pero Dios es as\u00ed. \u00a1Dios es as\u00ed con nosotros! \u201cPero, Padre, \u00a1Dios no llora!\u201d. \u00a1C\u00f3mo no! Recordamos a Jes\u00fas, cuando llor\u00f3 mirando a Jerusal\u00e9n. \u201c\u00a1Jerusal\u00e9n, Jerusal\u00e9n! Cu\u00e1ntas veces he querido recoger a tus hijos, como la gallina recoge sus pollitos bajo las alas\u201d. \u00a1Dios llora! \u00a1Jes\u00fas ha llorado por nosotros! Y aquel llanto de Jes\u00fas es precisamente la figura del llanto del Padre, que nos quiere a todos en torno a s\u00ed\u201d.<\/span><\/i><span lang=\"ES\"><o:p><\/o:p><\/span><\/p>\n<p class=\"MsoNormal\" style=\"margin-bottom: 0.0001pt; text-align: justify;\"><i><span lang=\"ES\">\u201cEn los momentos dif\u00edciles el Padre responde. Recordamos a Isaac, cuando va con Abrah\u00e1n a hacer el sacrificio: Isaac no era tonto, se dio cuenta que llevaban le\u00f1a, el fuego, pero no la oveja para el sacrificio. \u00a1Ten\u00eda temor en el coraz\u00f3n! \u00bfY qu\u00e9 cosa dice? \u201c\u00a1Padre!\u201d. Y de inmediato: \u201c\u00a1Aqu\u00ed estoy hijo!\u201d\u201d. El Padre responde. As\u00ed, Jes\u00fas, en el Huerto de los Olivos, dice \u00abcon aquella angustia en el coraz\u00f3n: \u201cPadre, si es posible, \u00a1aparta de m\u00ed este c\u00e1liz!\u201d. Y los \u00e1ngeles vinieron a darle fuerza. As\u00ed es nuestro Dios: \u00a1es Padre! \u00a1Es un Padre!\u201d. Un Padre como aquel que espera al hijo prodigo que se ha ido \u201ccon todo el dinero, con toda la herencia. Pero el padre lo esperaba\u201d todos los d\u00edas y \u201clo vio desde lejos\u201d.\u00a0<\/span><\/i><span lang=\"ES\"><o:p><\/o:p><\/span><\/p>\n<p class=\"MsoNormal\" style=\"margin-bottom: 0.0001pt; text-align: justify;\"><i><span lang=\"ES\">\u201cVayamos hoy a casa con estos dos \u00edconos: David que llora y el otro, el jefe de la Sinagoga, que se arroja ante Jes\u00fas, sin miedo de avergonzarse y hacer re\u00edr a los otros. En juego estaban sus hijos: el hijo y la hija. Y con estos dos \u00edconos digamos: \u201cCreo en Dios Padre\u2026\u201d. Y pidamos al Esp\u00edritu Santo &#8211; porque s\u00f3lo es \u00c9l, el Esp\u00edritu Santo \u2013 que nos ense\u00f1e a decir \u201c\u00a1Abba!, \u00a1Padre!\u201d. \u00a1Es una gracia! Poder decir a Dios \u201c\u00a1Padre!\u201d con el coraz\u00f3n es una gracia del Esp\u00edritu Santo. \u00a1Pedirla a \u00c9l!\u201d.\u00a0<\/span><\/i><span lang=\"ES\"><o:p><\/o:p><\/span><\/p>\n<p class=\"MsoNormal\"><i><span lang=\"ES\">Tomado de Rome Reports del 04\/02\/14<o:p><\/o:p><\/span><\/i><\/p>\n<p><a href=\"http:\/\/web.hilo.org.pe\/wp-content\/uploads\/DIOS PADRE.jpg\" target=\"_blank\" rel=\"noopener\">Ver archivo adjunto<\/a><\/p>\n","protected":false},"excerpt":{"rendered":"<p>En su homil?a en Casa Santa Marta, el Papa Francisco dijo que Dios es un padre que llora por sus hijos pero nunca reniega de ellos, ni si quiera de los m?s rebeldes.<\/p>\n","protected":false},"author":1,"featured_media":7855,"comment_status":"closed","ping_status":"closed","sticky":false,"template":"","format":"standard","meta":{"footnotes":""},"categories":[9],"tags":[],"class_list":["post-1657","post","type-post","status-publish","format-standard","has-post-thumbnail","hentry","category-noticias"],"_links":{"self":[{"href":"https:\/\/ceas.org.pe\/index.php\/wp-json\/wp\/v2\/posts\/1657","targetHints":{"allow":["GET"]}}],"collection":[{"href":"https:\/\/ceas.org.pe\/index.php\/wp-json\/wp\/v2\/posts"}],"about":[{"href":"https:\/\/ceas.org.pe\/index.php\/wp-json\/wp\/v2\/types\/post"}],"author":[{"embeddable":true,"href":"https:\/\/ceas.org.pe\/index.php\/wp-json\/wp\/v2\/users\/1"}],"replies":[{"embeddable":true,"href":"https:\/\/ceas.org.pe\/index.php\/wp-json\/wp\/v2\/comments?post=1657"}],"version-history":[{"count":1,"href":"https:\/\/ceas.org.pe\/index.php\/wp-json\/wp\/v2\/posts\/1657\/revisions"}],"predecessor-version":[{"id":7561,"href":"https:\/\/ceas.org.pe\/index.php\/wp-json\/wp\/v2\/posts\/1657\/revisions\/7561"}],"wp:featuredmedia":[{"embeddable":true,"href":"https:\/\/ceas.org.pe\/index.php\/wp-json\/wp\/v2\/media\/7855"}],"wp:attachment":[{"href":"https:\/\/ceas.org.pe\/index.php\/wp-json\/wp\/v2\/media?parent=1657"}],"wp:term":[{"taxonomy":"category","embeddable":true,"href":"https:\/\/ceas.org.pe\/index.php\/wp-json\/wp\/v2\/categories?post=1657"},{"taxonomy":"post_tag","embeddable":true,"href":"https:\/\/ceas.org.pe\/index.php\/wp-json\/wp\/v2\/tags?post=1657"}],"curies":[{"name":"wp","href":"https:\/\/api.w.org\/{rel}","templated":true}]}}