{"id":1655,"date":"2014-02-04T09:40:14","date_gmt":"2014-02-04T09:40:14","guid":{"rendered":""},"modified":"2026-03-11T09:12:25","modified_gmt":"2026-03-11T14:12:25","slug":"pero-miles-de-casos-sobre-esterilizaciones-forzadas-de-mujeres-indogenas-y-campesinas-quedaroan-en","status":"publish","type":"post","link":"https:\/\/ceas.org.pe\/index.php\/2014\/02\/04\/pero-miles-de-casos-sobre-esterilizaciones-forzadas-de-mujeres-indogenas-y-campesinas-quedaroan-en\/","title":{"rendered":"Per\u00f3: Miles de casos sobre esterilizaciones forzadas de mujeres ind\u00f3genas y campesinas quedar\u00f3an en"},"content":{"rendered":"<p>\u00a0Despu\u00e9s de casi diez a\u00f1os de espera, m\u00e1s de 2.000 mujeres ind\u00edgenas y campesinas que habr\u00edan sido esterilizadas forzosamente en la d\u00e9cada de los 90s ven ahora su derecho a la justicia negado, tras la decisi\u00f3n de la Fiscal\u00eda penal Supraprovincial de Lima el pasado 22 de enero de presentar denuncia formal en tan s\u00f3lo uno de estos casos.<\/p>\n<p>Ya estas 2.000 v\u00edctimas incluidas en la investigaci\u00f3n fiscal representan s\u00f3lo una peque\u00f1a parte de las m\u00e1s de 200,000 mujeres ind\u00edgenas y campesinas que habr\u00edan sido esterilizadas durante esos a\u00f1os, en su gran mayor\u00eda sin que hubieran dado el debido consentimiento. Con esta decisi\u00f3n se reafirma que los derechos de las mujeres ind\u00edgenas y campesinas siguen sin ser protegidos y se refuerza la discriminaci\u00f3n que han sufrido durante cientos de a\u00f1os.<\/p>\n<div>\u00a0<\/div>\n<div>La fiscal\u00eda ha decidido proseguir \u00fanicamente con una denuncia contra el personal m\u00e9dico implicado en la muerte de Mar\u00eda Mam\u00e9rita Mestanza Ch\u00e1vez a consecuencia de una esterilizaci\u00f3n forzada en 1998. Ni siquiera en este caso emblem\u00e1tico se ha acusado a quienes habr\u00edan ideado, promovido o permitido esta nefasta pr\u00e1ctica que afect\u00f3 principalmente a mujeres ind\u00edgenas y campesinas en situaci\u00f3n de vulnerabilidad.<\/div>\n<div>\u00a0<\/div>\n<div>Es una tragedia que miles de ind\u00edgenas y campesinas que acudieron a los servicios de salud fueran esterilizadas sin haber sido informadas o bajo fuertes presiones. Durante el gobierno de Alberto Fujimori se implement\u00f3 un programa de planificaci\u00f3n familiar que habr\u00eda formado parte de una pol\u00edtica de control demogr\u00e1fico orientada a los sectores m\u00e1s pobres. El personal m\u00e9dico habr\u00eda estado presionado a cumplir con cierto n\u00famero de esterilizaciones y muchas de estas mujeres y sus familiares fueron amenazados con multas, prisi\u00f3n o con el retiro del apoyo alimentario del Estado si no se somet\u00edan a estas operaciones. Adem\u00e1s, muchas no habr\u00edan recibido el cuidado postoperatorio necesario y sufrieron como consecuencia problemas de salud y 18 de ellas perdieron la vida.<\/div>\n<div>\u00a0<\/div>\n<div>Es lamentable que con esta deplorable decisi\u00f3n se hayan cerrado m\u00e1s las posibilidades de justicia para estas mujeres y para la sociedad peruana en su conjunto. Ya en 2002 una Comisi\u00f3n del Congreso de la Rep\u00fablica estableci\u00f3 que se realizaron esterilizaciones \u201csin el consentimiento de las usuarias, empleando violencia psicol\u00f3gica, presi\u00f3n o a cambio de alg\u00fan incentivo alimentario y\/o econ\u00f3mico\u201d. Adem\u00e1s determin\u00f3 que hubo injerencia del Ejecutivo para la aplicaci\u00f3n compulsiva de esterilizaciones. En base a estas conclusiones se decidieron formular denuncias penales contra varios miembros del ejecutivo, incluido el entonces Presidente, los entonces ministros y viceministro de salud y varios asesores del ministerio de salud.<\/div>\n<div>\u00a0<\/div>\n<div>La investigaci\u00f3n fiscal sobre el uso de esterilizaciones forzadas comenz\u00f3 en 2004 y fue inicialmente archivada en 2009. En octubre de 2011 fue reabierta de nuevo, pero las organizaciones que representan a las v\u00edctimas manifestaron en varias ocasiones sus preocupaciones sobre la inacci\u00f3n y la falta de recursos destinados a esclarecer los hechos y depurar todas las responsabilidades.<\/div>\n<div>\u00a0<\/div>\n<div>Para Amnist\u00eda Internacional es lamentable ver que despu\u00e9s de tan larga espera, la fiscal\u00eda haya tomado la decisi\u00f3n de acusar formalmente al personal m\u00e9dico que habr\u00eda estado implicado en s\u00f3lo uno de los casos, sin esclarecer todas las responsabilidades y a todos los niveles, no s\u00f3lo en \u00e9ste, sino en los m\u00e1s de 2.000 casos que estaban siendo investigados.<\/div>\n<div>\u00a0<\/div>\n<div>En 2003 la Comisi\u00f3n de la Verdad y la Reconciliaci\u00f3n determin\u00f3 que las personas m\u00e1s afectadas por los abusos de derechos humanos fueron aquellos que pertenec\u00edan a los sectores m\u00e1s vulnerables de la sociedad, entre ellos las mujeres ind\u00edgenas y campesinas; y concluy\u00f3 que s\u00f3lo cuando se garantice los derechos de todos y todas en el Per\u00fa, sin discriminaci\u00f3n, se podr\u00e1 abrir el camino hacia un pa\u00eds donde los horrores del pasado no puedan ser repetidos.<\/div>\n<div>\u00a0<\/div>\n<div>Es urgente que las autoridades del Per\u00fa revisen esta aberrante decisi\u00f3n y cumplan con sus obligaciones internacionales en materia de derechos sexuales y reproductivos, as\u00ed como que se garantice el derecho a la verdad, la justicia y la reparaci\u00f3n para todas estas mujeres y sus familiares. El Estado debe asimismo mandar una se\u00f1al clara de que esta discriminaci\u00f3n contra mujeres ind\u00edgenas y campesinas es totalmente inaceptable.<\/div>\n<div>\u00a0<\/div>\n<div>Fuente: derechoshumanos.pe<\/div>\n<div>\u00a0<\/div>\n<div>\u00a0<\/div>\n<p><a href=\"http:\/\/web.hilo.org.pe\/wp-content\/uploads\/esterilizaciones.jpg\" target=\"_blank\" rel=\"noopener\">Ver archivo adjunto<\/a><\/p>\n","protected":false},"excerpt":{"rendered":"<p>Despu?s de casi diez a?os de espera, m?s de 2.000 mujeres ind?genas y campesinas que habr?an sido esterilizadas forzosamente en la d?cada de los 90s ven ahora su derecho a la justicia negado, tras la decisi?n de la Fiscal?a penal Supraprovincial de Lima el pasado 22 de enero de presentar denuncia formal en tan s?lo uno de estos casos.<\/p>\n","protected":false},"author":1,"featured_media":7889,"comment_status":"closed","ping_status":"closed","sticky":false,"template":"","format":"standard","meta":{"footnotes":""},"categories":[9],"tags":[],"class_list":["post-1655","post","type-post","status-publish","format-standard","has-post-thumbnail","hentry","category-noticias"],"_links":{"self":[{"href":"https:\/\/ceas.org.pe\/index.php\/wp-json\/wp\/v2\/posts\/1655","targetHints":{"allow":["GET"]}}],"collection":[{"href":"https:\/\/ceas.org.pe\/index.php\/wp-json\/wp\/v2\/posts"}],"about":[{"href":"https:\/\/ceas.org.pe\/index.php\/wp-json\/wp\/v2\/types\/post"}],"author":[{"embeddable":true,"href":"https:\/\/ceas.org.pe\/index.php\/wp-json\/wp\/v2\/users\/1"}],"replies":[{"embeddable":true,"href":"https:\/\/ceas.org.pe\/index.php\/wp-json\/wp\/v2\/comments?post=1655"}],"version-history":[{"count":1,"href":"https:\/\/ceas.org.pe\/index.php\/wp-json\/wp\/v2\/posts\/1655\/revisions"}],"predecessor-version":[{"id":7563,"href":"https:\/\/ceas.org.pe\/index.php\/wp-json\/wp\/v2\/posts\/1655\/revisions\/7563"}],"wp:featuredmedia":[{"embeddable":true,"href":"https:\/\/ceas.org.pe\/index.php\/wp-json\/wp\/v2\/media\/7889"}],"wp:attachment":[{"href":"https:\/\/ceas.org.pe\/index.php\/wp-json\/wp\/v2\/media?parent=1655"}],"wp:term":[{"taxonomy":"category","embeddable":true,"href":"https:\/\/ceas.org.pe\/index.php\/wp-json\/wp\/v2\/categories?post=1655"},{"taxonomy":"post_tag","embeddable":true,"href":"https:\/\/ceas.org.pe\/index.php\/wp-json\/wp\/v2\/tags?post=1655"}],"curies":[{"name":"wp","href":"https:\/\/api.w.org\/{rel}","templated":true}]}}