{"id":1652,"date":"2014-02-03T08:01:36","date_gmt":"2014-02-03T08:01:36","guid":{"rendered":""},"modified":"2026-03-11T09:12:25","modified_gmt":"2026-03-11T14:12:25","slug":"papa-francisco-recibe-a-la-congregacion-para-la-doctrina-de-la-fe","status":"publish","type":"post","link":"https:\/\/ceas.org.pe\/index.php\/2014\/02\/03\/papa-francisco-recibe-a-la-congregacion-para-la-doctrina-de-la-fe\/","title":{"rendered":"Papa Francisco recibe a la Congregaci\u00f3n para la Doctrina de la Fe"},"content":{"rendered":"<div>(Roma)\u00a0\u00abPromover y tutelar la doctrina sobre la fe y las costumbres en todo el orbe cat\u00f3lico\u00bb es la tarea que la Constituci\u00f3n apost\u00f3lica \u00abPastor bonus\u00bb de Juan Pablo II asigna a la Congregaci\u00f3n para la Doctrina de la Fe, cuyos miembros han sido recibidos esta ma\u00f1ana -al final de su sesi\u00f3n plenaria- por el papa Francisco.<\/div>\n<div>\u00a0<\/div>\n<div>Seg\u00fan ha informado la Oficina de Prensa de la Santa Sede, el Santo Padre ha subrayado que desde los primeros tiempos de la Iglesia \u00abexiste la tentaci\u00f3n de entender la doctrina en sentido ideol\u00f3gico o de reducirla a un conjunto de teor\u00edas abstractas y cristalizadas\u00bb cuando en realidad \u00abla doctrina tiene como \u00fanico objetivo servir a la vida del Pueblo de Dios y asegurar a la fe un fundamento cierto\u00bb porque \u00abefectivamente, es grande la tentaci\u00f3n de apropiarnos de los dones de la salvaci\u00f3n que procede de Dios para domesticarlos -incluso con buena intenci\u00f3n- a los puntos de vista y al esp\u00edritu del mundo\u00bb.<\/div>\n<div>\u00a0<\/div>\n<div>El trabajo de la Congregaci\u00f3n para la Doctrina de la Fe debe \u00abtener tambi\u00e9n siempre presentes las exigencias de di\u00e1logo constructivo, respetuoso y paciente con los autores. Si la verdad exige fidelidad, \u00e9sta crece siempre en la caridad y la ayuda fraternal para aquellos que est\u00e1n llamados a madurar o esclarecer sus convicciones.\u00bb<\/div>\n<div>\u00a0<\/div>\n<div>El Pont\u00edfice ha observado igualmente que el m\u00e9todo de trabajo de la congregaci\u00f3n se distingue \u00abpor la praxis de la colegialidad y del di\u00e1logo. La Iglesia es, efectivamente, el lugar de la comuni\u00f3n y, en todos los niveles, cada uno de nosotros est\u00e1 llamado a cultivar y promover la comuni\u00f3n, cada uno con la responsabilidad que el Se\u00f1or le ha asignado\u00bb.<\/div>\n<div>\u00a0<\/div>\n<div>Despu\u00e9s se ha referido a la sesi\u00f3n plenaria que ha estado dedicada a la relaci\u00f3n entre fe y matrimonio \u00abSe trata -ha dicho- de una reflexi\u00f3n de gran relieve que se coloca en la l\u00ednea de la invitaci\u00f3n formulada por Benedicto XVI sobre la necesidad de interrogarse m\u00e1s a fondo acerca de la relaci\u00f3n entre fe personal y celebraci\u00f3n del sacramento del matrimonio, sobre todo, en un contexto cultural que ha cambiado\u00bb.<\/div>\n<div>\u00a0<\/div>\n<div>\u00abEn esta ocasi\u00f3n -ha concluido- quiero agradecer\u00f1es tambi\u00e9n por el esfuerzo por tratar las delicadas problem\u00e1ticas sobre los llamados delitos m\u00e1s graves, en particular los casos de abuso sexual de menores por parte de cl\u00e9rigos. Piensen en el bien de los ni\u00f1os y de los j\u00f3venes que en la comunidad cristiana deben estar siempre protegidos y sostenidos en su crecimiento humano y espiritual. En ese sentido se estudia la posibilidad de incorporar a este dicasterio una comisi\u00f3n espec\u00edfica para la protecci\u00f3n de los ni\u00f1os que he instituido y que quisiera fuera ejemplar para todos los que quieren promover el bien de los ni\u00f1os\u00bb. (Zenit)\u00a0<\/div>\n<div>Foto: News va<\/div>\n<p><a href=\"http:\/\/web.hilo.org.pe\/wp-content\/uploads\/papa y doctrina de la fe.jpg\" target=\"_blank\" rel=\"noopener\">Ver archivo adjunto<\/a><\/p>\n","protected":false},"excerpt":{"rendered":"<p>(Roma) \u00abPromover y tutelar la doctrina sobre la fe y las costumbres en todo el orbe cat?lico\u00bb es la tarea que la Constituci?n apost?lica \u00abPastor bonus\u00bb de Juan Pablo II asigna a la Congregaci?n para la Doctrina de la Fe, cuyos miembros han sido recibidos esta ma?ana -al final de su sesi?n plenaria- por el papa Francisco.<\/p>\n","protected":false},"author":1,"featured_media":7855,"comment_status":"closed","ping_status":"closed","sticky":false,"template":"","format":"standard","meta":{"footnotes":""},"categories":[9],"tags":[],"class_list":["post-1652","post","type-post","status-publish","format-standard","has-post-thumbnail","hentry","category-noticias"],"_links":{"self":[{"href":"https:\/\/ceas.org.pe\/index.php\/wp-json\/wp\/v2\/posts\/1652","targetHints":{"allow":["GET"]}}],"collection":[{"href":"https:\/\/ceas.org.pe\/index.php\/wp-json\/wp\/v2\/posts"}],"about":[{"href":"https:\/\/ceas.org.pe\/index.php\/wp-json\/wp\/v2\/types\/post"}],"author":[{"embeddable":true,"href":"https:\/\/ceas.org.pe\/index.php\/wp-json\/wp\/v2\/users\/1"}],"replies":[{"embeddable":true,"href":"https:\/\/ceas.org.pe\/index.php\/wp-json\/wp\/v2\/comments?post=1652"}],"version-history":[{"count":1,"href":"https:\/\/ceas.org.pe\/index.php\/wp-json\/wp\/v2\/posts\/1652\/revisions"}],"predecessor-version":[{"id":7566,"href":"https:\/\/ceas.org.pe\/index.php\/wp-json\/wp\/v2\/posts\/1652\/revisions\/7566"}],"wp:featuredmedia":[{"embeddable":true,"href":"https:\/\/ceas.org.pe\/index.php\/wp-json\/wp\/v2\/media\/7855"}],"wp:attachment":[{"href":"https:\/\/ceas.org.pe\/index.php\/wp-json\/wp\/v2\/media?parent=1652"}],"wp:term":[{"taxonomy":"category","embeddable":true,"href":"https:\/\/ceas.org.pe\/index.php\/wp-json\/wp\/v2\/categories?post=1652"},{"taxonomy":"post_tag","embeddable":true,"href":"https:\/\/ceas.org.pe\/index.php\/wp-json\/wp\/v2\/tags?post=1652"}],"curies":[{"name":"wp","href":"https:\/\/api.w.org\/{rel}","templated":true}]}}