{"id":1651,"date":"2014-01-31T09:39:17","date_gmt":"2014-01-31T09:39:17","guid":{"rendered":""},"modified":"2026-03-11T09:12:25","modified_gmt":"2026-03-11T14:12:25","slug":"calendario-el-credo-de-la-iglesia-2014","status":"publish","type":"post","link":"https:\/\/ceas.org.pe\/index.php\/2014\/01\/31\/calendario-el-credo-de-la-iglesia-2014\/","title":{"rendered":"Calendario \u00abEl Credo de la Iglesia\u00bb 2014"},"content":{"rendered":"<div>La Comisi\u00f3n de Cultura y Educaci\u00f3n de la Conferencia Episcopal Peruana ha publicado un hermoso calendario a full color para el presente a\u00f1o, como producto del concurso nacional de fotograf\u00eda \u00abEl Credo de la Iglesia\u00bb 2014.<\/div>\n<div>\u00a0<\/div>\n<div>Las 12 fotos publicadas fueron seleccionadas de todas aquellas que enviaron los participantes de diversas jurisdicciones eclesi\u00e1sticas en el concurso de fotograf\u00eda que la mencionada comisi\u00f3n realiz\u00f3 en el 2013. \u00a0<a href=\"https:\/\/www.facebook.com\/permalink.php?story_fbid=707873839245222&#038;id=573043712728236\" target=\"_blank\">VER FOTOS<\/a><\/div>\n<div>\u00a0<\/div>\n<div>Puede visitar tambi\u00e9n <a href=\"http:\/\/www.culturayeducacion.org\/\" target=\"_blank\">www.culturayeducacion.org<\/a><\/div>\n<p>\u00a0<\/p>\n<p><a href=\"http:\/\/web.hilo.org.pe\/wp-content\/uploads\/calendario.jpg\" target=\"_blank\" rel=\"noopener\">Ver archivo adjunto<\/a><\/p>\n","protected":false},"excerpt":{"rendered":"<p>La Comisi?n de Cultura y Educaci?n de la Conferencia Episcopal Peruana ha publicado un hermoso calendario a full color para el presente a?o, como producto del concurso nacional de fotograf?a \u00abEl Credo de la Iglesia\u00bb 2014.<\/p>\n","protected":false},"author":1,"featured_media":7857,"comment_status":"closed","ping_status":"closed","sticky":false,"template":"","format":"standard","meta":{"footnotes":""},"categories":[9],"tags":[],"class_list":["post-1651","post","type-post","status-publish","format-standard","has-post-thumbnail","hentry","category-noticias"],"_links":{"self":[{"href":"https:\/\/ceas.org.pe\/index.php\/wp-json\/wp\/v2\/posts\/1651","targetHints":{"allow":["GET"]}}],"collection":[{"href":"https:\/\/ceas.org.pe\/index.php\/wp-json\/wp\/v2\/posts"}],"about":[{"href":"https:\/\/ceas.org.pe\/index.php\/wp-json\/wp\/v2\/types\/post"}],"author":[{"embeddable":true,"href":"https:\/\/ceas.org.pe\/index.php\/wp-json\/wp\/v2\/users\/1"}],"replies":[{"embeddable":true,"href":"https:\/\/ceas.org.pe\/index.php\/wp-json\/wp\/v2\/comments?post=1651"}],"version-history":[{"count":1,"href":"https:\/\/ceas.org.pe\/index.php\/wp-json\/wp\/v2\/posts\/1651\/revisions"}],"predecessor-version":[{"id":7567,"href":"https:\/\/ceas.org.pe\/index.php\/wp-json\/wp\/v2\/posts\/1651\/revisions\/7567"}],"wp:featuredmedia":[{"embeddable":true,"href":"https:\/\/ceas.org.pe\/index.php\/wp-json\/wp\/v2\/media\/7857"}],"wp:attachment":[{"href":"https:\/\/ceas.org.pe\/index.php\/wp-json\/wp\/v2\/media?parent=1651"}],"wp:term":[{"taxonomy":"category","embeddable":true,"href":"https:\/\/ceas.org.pe\/index.php\/wp-json\/wp\/v2\/categories?post=1651"},{"taxonomy":"post_tag","embeddable":true,"href":"https:\/\/ceas.org.pe\/index.php\/wp-json\/wp\/v2\/tags?post=1651"}],"curies":[{"name":"wp","href":"https:\/\/api.w.org\/{rel}","templated":true}]}}