{"id":1650,"date":"2014-01-31T09:28:29","date_gmt":"2014-01-31T09:28:29","guid":{"rendered":""},"modified":"2026-03-11T09:12:25","modified_gmt":"2026-03-11T14:12:25","slug":"carta-de-obispos-presentes-en-el-13o-intereclesial-de-las-comunidades-eclesiales-de-base","status":"publish","type":"post","link":"https:\/\/ceas.org.pe\/index.php\/2014\/01\/31\/carta-de-obispos-presentes-en-el-13o-intereclesial-de-las-comunidades-eclesiales-de-base\/","title":{"rendered":"Carta de Obispos presentes en el 13\u00f3 Intereclesial de las Comunidades Eclesiales de Base"},"content":{"rendered":"<div>Al concluir el 13\u00ba Intereclesial de las CEB, los 72 obispos participantes dieron a conocer una carta en la cual comparten su experiencia junto al Pueblo de Dios y reafirman su \u00abempe\u00f1o y compromiso de acompa\u00f1ar, formar y contribuir en la viviencia de una fe comprometida con la justicia y la profec\u00eda\u00bb.<\/div>\n<div>\u00a0<\/div>\n<div>Hermanas y hermanos,<\/div>\n<div>\u00a0<\/div>\n<div>\u00abUstedes son la sal de la tierra (&#8230;). Ustedes son la luz del mundo\u00bb (Mt 5,13.14).<\/div>\n<div>\u00a0<\/div>\n<div>Nosotros, los obispos participantes del 13\u00ba Intereclesial de las CEB, en n\u00famero de 72, como pastores del Pueblo de Dios, dirigimos nuestra palabra a los participantes de las CEB son sus animadores y animadoras y dem\u00e1s hermanas y hermanos que asumen ministerios y otras responsabilidades.<\/div>\n<div>\u00a0<\/div>\n<div>En Juazeiro do Norte (CE), tierra del padre C\u00edcero Rom\u00e3o Batista, en el centenario de la di\u00f3cesis de Crato, nos encontramos con peregrinos y peregrinas, y con ellos tambi\u00e9n nos hicimos peregrinos del Reino.<\/div>\n<div>\u00a0<\/div>\n<div>Acogimos con mucha alegr\u00eda la carta que el papa Francisco envi\u00f3 al obispo diocesano Don Fernando P\u00e2nico trayendo el mensaje a los participantes del 13\u00ba Intereclesial de las CEB y que fue le\u00edda en la celebraci\u00f3n de apertura.<\/div>\n<div>\u00a0<\/div>\n<div>Participamos de las conferencias; de los testimonios en el Gimnasio poli-deportivo, denominado Caldeir\u00e3o Beato Jos\u00e9 Louren\u00e7o; de debates y grupos en diversas escuelas (ranchos y sombreros) situadas en diversas \u00e1reas de las ciudades de Juazeiro y del Crato; de las visitas misioneras a las familias y a algunas instituciones; de la celebraci\u00f3n en memoria de los profetas y m\u00e1rtires de la fe, de la vida, de los derechos humanos, de la justicia, de la tierra y de las aguas realizada en el huerto donde se encuentra la gran estatua del padre C\u00edcero comulgando con la causa de los pobres: pueblos ind\u00edgenas, quilombolas, pescadores artesanales y dem\u00e1s sufrientes y con la causa del ecumenismo en la promoci\u00f3n de la cultura de la vida y de la paz, del encuentro. Tuvimos tambi\u00e9n la gran alegr\u00eda de participar de la celebraci\u00f3n eucar\u00edstica de clausura en la Bas\u00edlica de Nuestra Se\u00f1ora de los Dolores, cuando todos los presentes fueron enviados a retornar a las comunidades de origen para ser de hecho sal de la tierra y luz del mundo.<\/div>\n<div>\u00a0<\/div>\n<div>Estamos viendo como las CEB est\u00e1n enraizadas en la Palabra De Dios, ah\u00ed encuentran luces para llevar adelante su misi\u00f3n evangelizadora, vivenciando lo que nos pide a todos el lema: \u00abJusticia y profec\u00eda al servicio de la vida\u00bb. De este modo, cada comunidad eclesial va siendo sal de la tierra y luz del mundo, animando a sus participantes a dar ese mismo testimonio.<\/div>\n<div>\u00a0<\/div>\n<div>Nos sensibilizaron mucho los gritos de los excluidos que resonaron en este 13\u00ba Intereclesial: gritos de mujeres y j\u00f3venes que sufren con la violencia y de tantas personas que sufren las consecuencias del agronegocio, de la deforestaci\u00f3n, de la construcci\u00f3n de hidroel\u00e9ctricas, de la minerizaci\u00f3n, de las obras de la Copa del mundo, de la sequ\u00eda prolongada en el nordeste, del tr\u00e1fico humano, del trabajo esclavo, de las drogas, de la falta de planeamiento urbano que beneficie a los barrios pobres; de una atenci\u00f3n digna para la salud&#8230;<\/div>\n<div>\u00a0<\/div>\n<div>Sabemos de los muchos desaf\u00edos que las comunidades enfrentan en el \u00e1rea rural y en las \u00e1reas urbanas (centro y periferias). Nuestra palabra es de esperanza y de \u00e1nimo junto a las Comunidades Eclesiales de Base que, esparcidas por todo este Brasil, por el continente latinoamericano y caribe\u00f1o y dem\u00e1s continentes representados en el encuentro, asumen la profec\u00eda y la lucha por la justicia al servicio de la vida. Deseamos que sean de modo muy claro y a\u00fan m\u00e1s fuerte comunidades guiadas por la Palabra de Dios, celebrantes del Misterio Pascual de Jesucristo, comunidades acogedoras, misioneras, atentas y abiertas a los signos de la acci\u00f3n del Esp\u00edritu de Dios, samaritanas y solidarias.<\/div>\n<div>\u00a0<\/div>\n<div>Reconociendo en las CEB la forma antigua y nueva de la Iglesia ser, mucho nos alegran las se\u00f1ales de profec\u00eda y de esperanza presentes en la Iglesia y en la sociedad, de las cuales las CEB se hacen sujeto. Que no se cansen de ser rostro de la Iglesia accidentada, herida y enlodada por haber salido por las calles y no ser una Iglesia enferma por el encerramiento y la comodidad de aferrarse a las propias seguridades, como nos exhorta el querido papa Francisco (cf. EG 49).<\/div>\n<div>\u00a0<\/div>\n<div>Por tanto, reafirmamos, junto a las CEB, nuestro empe\u00f1o y compromiso de acompa\u00f1ar, formar y contribuir en la vivencia de una fe comprometida con la justicia y la profec\u00eda, alimentada por la Palabra de Dios, por los sacramentos, en una Iglesia misionera toda ministerial que valora y promueve la vocaci\u00f3n y la misi\u00f3n de los cristianos laicos(as), en la comuni\u00f3n.<\/div>\n<div>\u00a0<\/div>\n<div>Con el coraz\u00f3n lleno de gratitud y esperanza, imploramos la protecci\u00f3n materna de la Virgen Madre de los Dolores y de las Alegr\u00edas.<\/div>\n<div>\u00a0<\/div>\n<div>Juazeiro do Norte, 11 de enero de 2014, fiesta del Bautismo del Se\u00f1or.\u00a0<\/div>\n<div>\u00a0<\/div>\n<div>Fuente: www.celam.org<\/div>\n<div>\u00a0<\/div>\n<p><a href=\"http:\/\/web.hilo.org.pe\/wp-content\/uploads\/20140131_celam.jpg\" target=\"_blank\" rel=\"noopener\">Ver archivo adjunto<\/a><\/p>\n","protected":false},"excerpt":{"rendered":"<p>Al concluir el 13? Intereclesial de las CEB, los 72 obispos participantes dieron a conocer una carta en la cual comparten su experiencia junto al Pueblo de Dios y reafirman su \u00abempe?o y compromiso de acompa?ar, formar y contribuir en la viviencia de una fe comprometida con la justicia y la profec?a\u00bb.<\/p>\n","protected":false},"author":1,"featured_media":7854,"comment_status":"closed","ping_status":"closed","sticky":false,"template":"","format":"standard","meta":{"footnotes":""},"categories":[9],"tags":[],"class_list":["post-1650","post","type-post","status-publish","format-standard","has-post-thumbnail","hentry","category-noticias"],"_links":{"self":[{"href":"https:\/\/ceas.org.pe\/index.php\/wp-json\/wp\/v2\/posts\/1650","targetHints":{"allow":["GET"]}}],"collection":[{"href":"https:\/\/ceas.org.pe\/index.php\/wp-json\/wp\/v2\/posts"}],"about":[{"href":"https:\/\/ceas.org.pe\/index.php\/wp-json\/wp\/v2\/types\/post"}],"author":[{"embeddable":true,"href":"https:\/\/ceas.org.pe\/index.php\/wp-json\/wp\/v2\/users\/1"}],"replies":[{"embeddable":true,"href":"https:\/\/ceas.org.pe\/index.php\/wp-json\/wp\/v2\/comments?post=1650"}],"version-history":[{"count":1,"href":"https:\/\/ceas.org.pe\/index.php\/wp-json\/wp\/v2\/posts\/1650\/revisions"}],"predecessor-version":[{"id":7568,"href":"https:\/\/ceas.org.pe\/index.php\/wp-json\/wp\/v2\/posts\/1650\/revisions\/7568"}],"wp:featuredmedia":[{"embeddable":true,"href":"https:\/\/ceas.org.pe\/index.php\/wp-json\/wp\/v2\/media\/7854"}],"wp:attachment":[{"href":"https:\/\/ceas.org.pe\/index.php\/wp-json\/wp\/v2\/media?parent=1650"}],"wp:term":[{"taxonomy":"category","embeddable":true,"href":"https:\/\/ceas.org.pe\/index.php\/wp-json\/wp\/v2\/categories?post=1650"},{"taxonomy":"post_tag","embeddable":true,"href":"https:\/\/ceas.org.pe\/index.php\/wp-json\/wp\/v2\/tags?post=1650"}],"curies":[{"name":"wp","href":"https:\/\/api.w.org\/{rel}","templated":true}]}}