{"id":1649,"date":"2014-01-30T10:29:05","date_gmt":"2014-01-30T10:29:05","guid":{"rendered":""},"modified":"2026-03-11T09:12:25","modified_gmt":"2026-03-11T14:12:25","slug":"implementaron-presupuesto-para-atendenr-a-menores-en-estado-de-abandono","status":"publish","type":"post","link":"https:\/\/ceas.org.pe\/index.php\/2014\/01\/30\/implementaron-presupuesto-para-atendenr-a-menores-en-estado-de-abandono\/","title":{"rendered":"Implementar\u00f3n presupuesto para atendenr a menores en estado de abandono"},"content":{"rendered":"<div>El Viceministro de Poblaciones Vulnerables, Julio Rojas Julca, como Responsable T\u00e9cnico del Programa Presupuestal 117, sostuvo ayer una reuni\u00f3n de coordinaci\u00f3n sobre la implementaci\u00f3n del Programa Presupuestal Atenci\u00f3n oportuna de Ni\u00f1as, Ni\u00f1os y Adolescentes en presunto estado de abandono.<\/div>\n<div>\u00a0<\/div>\n<div>La agenda se inici\u00f3 con un informe de la Oficina General de Planeamiento y Presupuesto del MIMP de las coordinaciones con el Ministerio de Econom\u00eda y Finanzas sobre los programas presupuestales, la presentaci\u00f3n de la programaci\u00f3n de las actividades de la Direcci\u00f3n de Investigaci\u00f3n Tutelar (DIT), Programa Integral Nacional para el Bienestar Familiar (INABIF) y el Programa Nacional Yachay para la implementaci\u00f3n del Programa Presupuestal Atenci\u00f3n oportuna de Ni\u00f1as, Ni\u00f1os y Adolescentes en presunto estado de abandono, el plan de Seguimiento y evaluaci\u00f3n del mismo, definici\u00f3n de procedimientos administrativos para la ejecuci\u00f3n presupuestal.<\/div>\n<div>\u00a0<\/div>\n<div>Participaron de la reuni\u00f3n la Directora General de Ni\u00f1as, Ni\u00f1os y Adolescentes, Mar\u00eda del Carmen Santiago; la Directora del Programa Nacional Yachay, Amelia Cabrera; la Directora de Investigaci\u00f3n Tutelar, Bertha Bengoa; el Jefe de la Oficina de Planeamiento y Presupuesto, N\u00e9stor \u00c1lvarez; as\u00ed como representantes de INABIF.<\/div>\n<div>\u00a0<\/div>\n<div>Fuente: www.mimp.gob.pe<\/div>\n<p>\u00a0<\/p>\n<p><a href=\"http:\/\/web.hilo.org.pe\/wp-content\/uploads\/20140130_atencion.JPG\" target=\"_blank\" rel=\"noopener\">Ver archivo adjunto<\/a><\/p>\n","protected":false},"excerpt":{"rendered":"<p>El Viceministro de Poblaciones Vulnerables, Julio Rojas Julca, como Responsable T?cnico del Programa Presupuestal 117, sostuvo ayer una reuni?n de coordinaci?n sobre la implementaci?n del Programa Presupuestal Atenci?n oportuna de Ni?as, Ni?os y Adolescentes en presunto estado de abandono.<\/p>\n","protected":false},"author":1,"featured_media":7937,"comment_status":"closed","ping_status":"closed","sticky":false,"template":"","format":"standard","meta":{"footnotes":""},"categories":[9],"tags":[],"class_list":["post-1649","post","type-post","status-publish","format-standard","has-post-thumbnail","hentry","category-noticias"],"_links":{"self":[{"href":"https:\/\/ceas.org.pe\/index.php\/wp-json\/wp\/v2\/posts\/1649","targetHints":{"allow":["GET"]}}],"collection":[{"href":"https:\/\/ceas.org.pe\/index.php\/wp-json\/wp\/v2\/posts"}],"about":[{"href":"https:\/\/ceas.org.pe\/index.php\/wp-json\/wp\/v2\/types\/post"}],"author":[{"embeddable":true,"href":"https:\/\/ceas.org.pe\/index.php\/wp-json\/wp\/v2\/users\/1"}],"replies":[{"embeddable":true,"href":"https:\/\/ceas.org.pe\/index.php\/wp-json\/wp\/v2\/comments?post=1649"}],"version-history":[{"count":1,"href":"https:\/\/ceas.org.pe\/index.php\/wp-json\/wp\/v2\/posts\/1649\/revisions"}],"predecessor-version":[{"id":7569,"href":"https:\/\/ceas.org.pe\/index.php\/wp-json\/wp\/v2\/posts\/1649\/revisions\/7569"}],"wp:featuredmedia":[{"embeddable":true,"href":"https:\/\/ceas.org.pe\/index.php\/wp-json\/wp\/v2\/media\/7937"}],"wp:attachment":[{"href":"https:\/\/ceas.org.pe\/index.php\/wp-json\/wp\/v2\/media?parent=1649"}],"wp:term":[{"taxonomy":"category","embeddable":true,"href":"https:\/\/ceas.org.pe\/index.php\/wp-json\/wp\/v2\/categories?post=1649"},{"taxonomy":"post_tag","embeddable":true,"href":"https:\/\/ceas.org.pe\/index.php\/wp-json\/wp\/v2\/tags?post=1649"}],"curies":[{"name":"wp","href":"https:\/\/api.w.org\/{rel}","templated":true}]}}