{"id":1645,"date":"2014-01-28T10:56:35","date_gmt":"2014-01-28T10:56:35","guid":{"rendered":""},"modified":"2026-03-11T09:12:26","modified_gmt":"2026-03-11T14:12:26","slug":"mensaje-del-santo-padre-la-comunicacion-al-servicio-de-una-autontica-cultura-del-encuentro","status":"publish","type":"post","link":"https:\/\/ceas.org.pe\/index.php\/2014\/01\/28\/mensaje-del-santo-padre-la-comunicacion-al-servicio-de-una-autontica-cultura-del-encuentro\/","title":{"rendered":"Mensaje del Santo Padre: La comunicaci\u00f3n al servicio de una aut\u00f3ntica cultura del encuentro"},"content":{"rendered":"<p class=\"MsoNormal\" align=\"center\" style=\"margin-bottom: 3.75pt; text-align: center; line-height: 15.3pt; background-position: initial initial; background-repeat: initial initial;\"><span style=\"mso-fareast-font-family:\"Times New Roman\";\nmso-bidi-font-family:Tahoma;color:#454545;mso-fareast-language:ES-PE\">Consejo Pontificio de las Comunicaciones Sociales<o:p><\/o:p><\/span><\/p>\n<p class=\"MsoNormal\" align=\"center\" style=\"margin-bottom: 3.75pt; text-align: center; line-height: 15.3pt; background-position: initial initial; background-repeat: initial initial;\"><span style=\"mso-fareast-font-family:\"Times New Roman\";\nmso-bidi-font-family:Tahoma;color:#454545;mso-fareast-language:ES-PE\">48\u00aa JORNADA MUNDIAL DE LAS COMUNICACIONES SOCIALES\u00a0<br \/>\n<b>La comunicaci\u00f3n al servicio de una aut\u00e9ntica cultura del encuentro<\/b><o:p><\/o:p><\/span><\/p>\n<p>\u00a0<\/p>\n<p class=\"MsoNormal\" align=\"center\" style=\"margin-bottom: 3.75pt; text-align: center; line-height: 15.3pt; background-position: initial initial; background-repeat: initial initial;\"><span style=\"mso-fareast-font-family:\"Times New Roman\";\nmso-bidi-font-family:Tahoma;color:#454545;mso-fareast-language:ES-PE\">1 de junio 2014<o:p><\/o:p><\/span><\/p>\n<p>\u00a0<\/p>\n<p><span style=\"color: rgb(69, 69, 69); line-height: 15.3pt; text-align: justify;\">Mensaje del Santo Padre<\/span><\/p>\n<p class=\"MsoNormal\" style=\"margin-bottom: 3.75pt; text-align: justify; line-height: 15.3pt; background-position: initial initial; background-repeat: initial initial;\"><span style=\"mso-fareast-font-family:\"Times New Roman\";\nmso-bidi-font-family:Tahoma;color:#454545;mso-fareast-language:ES-PE\">Queridos hermanos y hermanas:<o:p><\/o:p><\/span><\/p>\n<p class=\"MsoNormal\" style=\"margin-bottom: 3.75pt; text-align: justify; line-height: 15.3pt; background-position: initial initial; background-repeat: initial initial;\"><span style=\"mso-fareast-font-family:\"Times New Roman\";\nmso-bidi-font-family:Tahoma;color:#454545;mso-fareast-language:ES-PE\">Hoy vivimos en un mundo que se va haciendo cada vez m\u00e1s \u201cpeque\u00f1o\u201d; por lo tanto, parece que deber\u00eda ser m\u00e1s f\u00e1cil estar cerca los unos de los otros. El desarrollo de los transportes y de las tecnolog\u00edas de la comunicaci\u00f3n nos acerca, conect\u00e1ndonos mejor, y la globalizaci\u00f3n nos hace interdependientes. Sin embargo, en la humanidad a\u00fan quedan divisiones, a veces muy marcadas. A nivel global vemos la escandalosa distancia entre el lujo de los m\u00e1s ricos y la miseria de los m\u00e1s pobres. A menudo basta caminar por una ciudad para ver el contraste entre la gente que vive en las aceras y la luz resplandeciente de las tiendas. Nos hemos acostumbrado tanto a ello que ya no nos llama la atenci\u00f3n. El mundo sufre numerosas formas de exclusi\u00f3n, marginaci\u00f3n y pobreza; as\u00ed como de conflictos en los que se mezclan causas econ\u00f3micas, pol\u00edticas, ideol\u00f3gicas y tambi\u00e9n, desgraciadamente, religiosas.<o:p><\/o:p><\/span><\/p>\n<p class=\"MsoNormal\" style=\"margin-bottom: 3.75pt; text-align: justify; line-height: 15.3pt; background-position: initial initial; background-repeat: initial initial;\"><span style=\"mso-fareast-font-family:\"Times New Roman\";\nmso-bidi-font-family:Tahoma;color:#454545;mso-fareast-language:ES-PE\">En este mundo, los medios de comunicaci\u00f3n pueden ayudar a que nos sintamos m\u00e1s cercanos los unos de los otros, a que percibamos un renovado sentido de unidad de la familia humana que nos impulse a la solidaridad y al compromiso serio por una vida m\u00e1s digna para todos. Comunicar bien nos ayuda a conocernos mejor entre nosotros, a estar m\u00e1s unidos. Los muros que nos dividen solamente se pueden superar si estamos dispuestos a escuchar y a aprender los unos de los otros. Necesitamos resolver las diferencias mediante formas de di\u00e1logo que nos permitan crecer en la comprensi\u00f3n y el respeto. La cultura del encuentro requiere que estemos dispuestos no s\u00f3lo a dar, sino tambi\u00e9n a recibir de los otros. Los medios de comunicaci\u00f3n pueden ayudarnos en esta tarea, especialmente hoy, cuando las redes de la comunicaci\u00f3n humana han alcanzado niveles de desarrollo inauditos. En particular, Internet puede ofrecer mayores posibilidades de encuentro y de solidaridad entre todos; y esto es algo bueno, es un don de Dios.<o:p><\/o:p><\/span><\/p>\n<p class=\"MsoNormal\" style=\"margin-bottom: 3.75pt; text-align: justify; line-height: 15.3pt; background-position: initial initial; background-repeat: initial initial;\"><span style=\"mso-fareast-font-family:\"Times New Roman\";\nmso-bidi-font-family:Tahoma;color:#454545;mso-fareast-language:ES-PE\">Sin embargo, tambi\u00e9n existen aspectos problem\u00e1ticos: la velocidad con la que se suceden las informaciones supera nuestra capacidad de reflexi\u00f3n y de juicio, y no permite una expresi\u00f3n mesurada y correcta de uno mismo. La variedad de las opiniones expresadas puede ser percibida como una riqueza, pero tambi\u00e9n es posible encerrarse en una esfera hecha de informaciones que s\u00f3lo correspondan a nuestras expectativas e ideas, o incluso a determinados intereses pol\u00edticos y econ\u00f3micos. El mundo de la comunicaci\u00f3n puede ayudarnos a crecer o, por el contrario, a desorientarnos. El deseo de conexi\u00f3n digital puede terminar por aislarnos de nuestro pr\u00f3jimo, de las personas que tenemos al lado. Sin olvidar que quienes no acceden a estos medios de comunicaci\u00f3n social -por tantos motivos-, corren el riesgo de quedar excluidos.<o:p><\/o:p><\/span><\/p>\n<p class=\"MsoNormal\" style=\"margin-bottom: 3.75pt; text-align: justify; line-height: 15.3pt; background-position: initial initial; background-repeat: initial initial;\"><span style=\"mso-fareast-font-family:\"Times New Roman\";\nmso-bidi-font-family:Tahoma;color:#454545;mso-fareast-language:ES-PE\">Estos l\u00edmites son reales, pero no justifican un rechazo de los medios de comunicaci\u00f3n social; m\u00e1s bien nos recuerdan que la comunicaci\u00f3n es, en definitiva, una conquista m\u00e1s humana que tecnol\u00f3gica. Entonces, \u00bfqu\u00e9 es lo que nos ayuda a crecer en humanidad y en comprensi\u00f3n rec\u00edproca en el mundo digital? Por ejemplo, tenemos que recuperar un cierto sentido de lentitud y de calma. Esto requiere tiempo y capacidad de guardar silencio para escuchar. Necesitamos ser pacientes si queremos entender a quien es distinto de nosotros: la persona se expresa con plenitud no cuando se ve simplemente tolerada, sino cuando percibe que es verdaderamente acogida. Si tenemos el genuino deseo de escuchar a los otros, entonces aprenderemos a mirar el mundo con ojos distintos y a apreciar la experiencia humana tal y como se manifiesta en las distintas culturas y tradiciones. Pero tambi\u00e9n sabremos apreciar mejor los grandes valores inspirados desde el cristianismo, por ejemplo, la visi\u00f3n del hombre como persona, el matrimonio y la familia, la distinci\u00f3n entre la esfera religiosa y la esfera pol\u00edtica, los principios de solidaridad y subsidiaridad, entre otros.<o:p><\/o:p><\/span><\/p>\n<p class=\"MsoNormal\" style=\"margin-bottom: 3.75pt; text-align: justify; line-height: 15.3pt; background-position: initial initial; background-repeat: initial initial;\"><span style=\"mso-fareast-font-family:\"Times New Roman\";\nmso-bidi-font-family:Tahoma;color:#454545;mso-fareast-language:ES-PE\">Entonces, \u00bfc\u00f3mo se puede poner la comunicaci\u00f3n al servicio de una aut\u00e9ntica cultura del encuentro? Para nosotros, disc\u00edpulos del Se\u00f1or, \u00bfqu\u00e9 significa encontrar una persona seg\u00fan el Evangelio? \u00bfEs posible, aun a pesar de nuestros l\u00edmites y pecados, estar verdaderamente cerca los unos de los otros? Estas preguntas se resumen en la que un escriba, es decir un comunicador, le dirigi\u00f3 un d\u00eda a Jes\u00fas: \u201c\u00bfQui\u00e9n es mi pr\u00f3jimo?\u201d (Lc. 10,29). La pregunta nos ayuda a entender la comunicaci\u00f3n en t\u00e9rminos de proximidad. Podr\u00edamos traducirla as\u00ed: \u00bfc\u00f3mo se manifiesta la \u201cproximidad\u201d en el uso de los medios de comunicaci\u00f3n y en el nuevo ambiente creado por la tecnolog\u00eda digital? Descubro una respuesta en la par\u00e1bola del buen samaritano, que es tambi\u00e9n una par\u00e1bola del comunicador. En efecto, quien comunica se hace pr\u00f3jimo, cercano. El buen samaritano no s\u00f3lo se acerca, sino que se hace cargo del hombre medio muerto que encuentra al borde del camino. Jes\u00fas invierte la perspectiva: no se trata de reconocer al otro como mi semejante, sino de ser capaz de hacerme semejante al otro. Comunicar significa, por tanto, tomar conciencia de que somos humanos, hijos de Dios. Me gusta definir este poder de la comunicaci\u00f3n como \u201cproximidad\u201d.<o:p><\/o:p><\/span><\/p>\n<p class=\"MsoNormal\" style=\"margin-bottom: 3.75pt; text-align: justify; line-height: 15.3pt; background-position: initial initial; background-repeat: initial initial;\"><span style=\"mso-fareast-font-family:\"Times New Roman\";\nmso-bidi-font-family:Tahoma;color:#454545;mso-fareast-language:ES-PE\">Cuando la comunicaci\u00f3n tiene como objetivo preponderante inducir al consumo o a la manipulaci\u00f3n de las personas, nos encontramos ante una agresi\u00f3n violenta como la que sufri\u00f3 el hombre apaleado por los bandidos y abandonado al borde del camino, como leemos en la par\u00e1bola. El levita y el sacerdote no ven en \u00e9l a su pr\u00f3jimo, sino a un extra\u00f1o de quien es mejor alejarse. En aquel tiempo, lo que les condicionaba eran las leyes de la purificaci\u00f3n ritual. Hoy corremos el riesgo de que algunos medios nos condicionen hasta el punto de hacernos ignorar a nuestro pr\u00f3jimo real.<o:p><\/o:p><\/span><\/p>\n<p class=\"MsoNormal\" style=\"margin-bottom: 3.75pt; text-align: justify; line-height: 15.3pt; background-position: initial initial; background-repeat: initial initial;\"><span style=\"mso-fareast-font-family:\"Times New Roman\";\nmso-bidi-font-family:Tahoma;color:#454545;mso-fareast-language:ES-PE\">No basta pasar por las \u201ccalles\u201d digitales, es decir simplemente estar conectados: es necesario que la conexi\u00f3n vaya acompa\u00f1ada de un verdadero encuentro. No podemos vivir solos, encerrados en nosotros mismos. Necesitamos amar y ser amados. Necesitamos ternura. Las estrategias comunicativas no garantizan la belleza, la bondad y la verdad de la comunicaci\u00f3n. El mundo de los medios de comunicaci\u00f3n no puede ser ajeno de la preocupaci\u00f3n por la humanidad, sino que est\u00e1 llamado a expresar tambi\u00e9n ternura. La red digital puede ser un lugar rico en humanidad: no una red de cables, sino de personas humanas. La neutralidad de los medios de comunicaci\u00f3n es aparente: s\u00f3lo quien comunica poni\u00e9ndose en juego a s\u00ed mismo puede representar un punto de referencia. El compromiso personal es la ra\u00edz misma de la fiabilidad de un comunicador. Precisamente por eso el testimonio cristiano, gracias a la red, puede alcanzar las periferias existenciales.<o:p><\/o:p><\/span><\/p>\n<p class=\"MsoNormal\" style=\"margin-bottom: 3.75pt; text-align: justify; line-height: 15.3pt; background-position: initial initial; background-repeat: initial initial;\"><span style=\"mso-fareast-font-family:\"Times New Roman\";\nmso-bidi-font-family:Tahoma;color:#454545;mso-fareast-language:ES-PE\">Lo repito a menudo: entre una Iglesia accidentada por salir a la calle y una Iglesia enferma de auto referencialidad, prefiero sin duda la primera. Y las calles del mundo son el lugar donde la gente vive, donde es accesible efectiva y afectivamente. Entre estas calles tambi\u00e9n se encuentran las digitales, pobladas de humanidad, a menudo herida: hombres y mujeres que buscan una salvaci\u00f3n o una esperanza. Gracias tambi\u00e9n a las redes, el mensaje cristiano puede viajar \u201chasta los confines de la tierra\u201d (Hch. 1,8). Abrir las puertas de las iglesias significa abrirlas asimismo en el mundo digital, tanto para que la gente entre, en cualquier condici\u00f3n de vida en la que se encuentre, como para que el Evangelio pueda cruzar el umbral del templo y salir al encuentro de todos.<o:p><\/o:p><\/span><\/p>\n<p class=\"MsoNormal\" style=\"margin-bottom: 3.75pt; text-align: justify; line-height: 15.3pt; background-position: initial initial; background-repeat: initial initial;\"><span style=\"mso-fareast-font-family:\"Times New Roman\";\nmso-bidi-font-family:Tahoma;color:#454545;mso-fareast-language:ES-PE\">Estamos llamados a dar testimonio de una Iglesia que sea la casa de todos. \u00bfSomos capaces de comunicar este rostro de la Iglesia? La comunicaci\u00f3n contribuye a dar forma a la vocaci\u00f3n misionera de toda la Iglesia; y las redes sociales son hoy uno de los lugares donde vivir esta vocaci\u00f3n redescubriendo la belleza de la fe, la belleza del encuentro con Cristo. Tambi\u00e9n en el contexto de la comunicaci\u00f3n sirve una Iglesia que logre llevar calor y encender los corazones.<o:p><\/o:p><\/span><\/p>\n<p class=\"MsoNormal\" style=\"margin-bottom: 3.75pt; text-align: justify; line-height: 15.3pt; background-position: initial initial; background-repeat: initial initial;\"><span style=\"mso-fareast-font-family:\"Times New Roman\";\nmso-bidi-font-family:Tahoma;color:#454545;mso-fareast-language:ES-PE\">No se ofrece un testimonio cristiano bombardeando mensajes religiosos, sino con la voluntad de donarse a los dem\u00e1s \u201ca trav\u00e9s de la disponibilidad para responder pacientemente y con respeto a sus preguntas y sus dudas en el camino de b\u00fasqueda de la verdad y del sentido de la existencia humana\u201d (BENEDICTO XVI, Mensaje para la XLVII Jornada Mundial de las Comunicaciones Sociales, 2013).<o:p><\/o:p><\/span><\/p>\n<p class=\"MsoNormal\" style=\"margin-bottom: 3.75pt; text-align: justify; line-height: 15.3pt; background-position: initial initial; background-repeat: initial initial;\"><span style=\"mso-fareast-font-family:\"Times New Roman\";\nmso-bidi-font-family:Tahoma;color:#454545;mso-fareast-language:ES-PE\">Pensemos en el episodio de los disc\u00edpulos de Ema\u00fas. Es necesario saber entrar en di\u00e1logo con los hombres y las mujeres de hoy para entender sus expectativas, sus dudas, sus esperanzas, y poder ofrecerles el Evangelio, es decir Jesucristo, Dios hecho hombre, muerto y resucitado para liberarnos del pecado y de la muerte. Este desaf\u00edo requiere profundidad, atenci\u00f3n a la vida, sensibilidad espiritual. Dialogar significa estar convencidos de que el otro tiene algo bueno que decir, acoger su punto de vista, sus propuestas. Dialogar no significa renunciar a las propias ideas y tradiciones, sino a la pretensi\u00f3n de que sean \u00fanicas y absolutas.<o:p><\/o:p><\/span><\/p>\n<p class=\"MsoNormal\" style=\"margin-bottom: 3.75pt; text-align: justify; line-height: 15.3pt; background-position: initial initial; background-repeat: initial initial;\"><span style=\"mso-fareast-font-family:\"Times New Roman\";\nmso-bidi-font-family:Tahoma;color:#454545;mso-fareast-language:ES-PE\">Que la imagen del buen samaritano que venda las heridas del hombre apaleado, versando sobre ellas aceite y vino, nos sirva como gu\u00eda. Que nuestra comunicaci\u00f3n sea aceite perfumado para el dolor y vino bueno para la alegr\u00eda. Que nuestra luminosidad no provenga de trucos o efectos especiales, sino de acercarnos, con amor y con ternura, a quien encontramos herido en el camino. No tengan miedo de hacerse ciudadanos del mundo digital. El inter\u00e9s y la presencia de la Iglesia en el mundo de la comunicaci\u00f3n son importantes para dialogar con el hombre de hoy y llevarlo al encuentro con Cristo: una Iglesia que acompa\u00f1a en el camino sabe ponerse en camino con todos. En este contexto, la revoluci\u00f3n de los medios de comunicaci\u00f3n y de la informaci\u00f3n constituye un desaf\u00edo grande y apasionante que requiere energ\u00edas renovadas y una imaginaci\u00f3n nueva para transmitir a los dem\u00e1s la belleza de Dios.<o:p><\/o:p><\/span><\/p>\n<p class=\"MsoNormal\" style=\"margin-bottom: 3.75pt; text-align: justify; line-height: 15.3pt; background-position: initial initial; background-repeat: initial initial;\"><span style=\"mso-fareast-font-family:\"Times New Roman\";\nmso-bidi-font-family:Tahoma;color:#454545;mso-fareast-language:ES-PE\">Vaticano, 24 de enero de 2014, memoria de san Francisco de Sales<o:p><\/o:p><\/span><\/p>\n<p><a href=\"http:\/\/web.hilo.org.pe\/wp-content\/uploads\/SANTOS.jpg\" target=\"_blank\" rel=\"noopener\">Ver archivo adjunto<\/a><\/p>\n","protected":false},"excerpt":{"rendered":"<p>La cultura del encuentro requiere que estemos dispuestos no s?lo a dar, sino tambi?n a recibir de los otros. Los medios de comunicaci?n pueden ayudarnos en esta tarea, especialmente hoy, cuando las redes de la comunicaci?n humana han alcanzado niveles de desarrollo inauditos. En particular, Internet puede ofrecer mayores posibilidades de encuentro y de solidaridad entre todos; y esto es algo bueno, es un don de Dios.<\/p>\n","protected":false},"author":1,"featured_media":7931,"comment_status":"closed","ping_status":"closed","sticky":false,"template":"","format":"standard","meta":{"footnotes":""},"categories":[9],"tags":[],"class_list":["post-1645","post","type-post","status-publish","format-standard","has-post-thumbnail","hentry","category-noticias"],"_links":{"self":[{"href":"https:\/\/ceas.org.pe\/index.php\/wp-json\/wp\/v2\/posts\/1645","targetHints":{"allow":["GET"]}}],"collection":[{"href":"https:\/\/ceas.org.pe\/index.php\/wp-json\/wp\/v2\/posts"}],"about":[{"href":"https:\/\/ceas.org.pe\/index.php\/wp-json\/wp\/v2\/types\/post"}],"author":[{"embeddable":true,"href":"https:\/\/ceas.org.pe\/index.php\/wp-json\/wp\/v2\/users\/1"}],"replies":[{"embeddable":true,"href":"https:\/\/ceas.org.pe\/index.php\/wp-json\/wp\/v2\/comments?post=1645"}],"version-history":[{"count":1,"href":"https:\/\/ceas.org.pe\/index.php\/wp-json\/wp\/v2\/posts\/1645\/revisions"}],"predecessor-version":[{"id":7573,"href":"https:\/\/ceas.org.pe\/index.php\/wp-json\/wp\/v2\/posts\/1645\/revisions\/7573"}],"wp:featuredmedia":[{"embeddable":true,"href":"https:\/\/ceas.org.pe\/index.php\/wp-json\/wp\/v2\/media\/7931"}],"wp:attachment":[{"href":"https:\/\/ceas.org.pe\/index.php\/wp-json\/wp\/v2\/media?parent=1645"}],"wp:term":[{"taxonomy":"category","embeddable":true,"href":"https:\/\/ceas.org.pe\/index.php\/wp-json\/wp\/v2\/categories?post=1645"},{"taxonomy":"post_tag","embeddable":true,"href":"https:\/\/ceas.org.pe\/index.php\/wp-json\/wp\/v2\/tags?post=1645"}],"curies":[{"name":"wp","href":"https:\/\/api.w.org\/{rel}","templated":true}]}}