{"id":1644,"date":"2014-01-28T09:58:08","date_gmt":"2014-01-28T09:58:08","guid":{"rendered":""},"modified":"2026-03-11T09:12:26","modified_gmt":"2026-03-11T14:12:26","slug":"el-papa-francisco-esto-trabajando-en-un-documento-sobre-ecologooa","status":"publish","type":"post","link":"https:\/\/ceas.org.pe\/index.php\/2014\/01\/28\/el-papa-francisco-esto-trabajando-en-un-documento-sobre-ecologooa\/","title":{"rendered":"El Papa Francisco est\u00f3 trabajando en un documento sobre ecolog\u00f3\u00f3a"},"content":{"rendered":"<p>El presidente Hollande ha declarado a la prensa que el Papa est\u00e1 trabajando en un documento sobre el clima. Lo ha hecho al salir del coloquio con el Santo Padre que ha tenido lugar esta ma\u00f1ana en el Vaticano y que ha durados unos 35 minutos.<\/p>\n<div>\u00a0<\/div>\n<div>El director de la Sala de Prensa del Vaticano, el padre Federico Lombardi, ha confirmado a los periodistas que efectivamente Francisco ha comenzado a trabajar en el proyecto de un texto sobre temas de ecolog\u00eda: \u00abLa perspectiva es la de una enc\u00edclica\u00bb, ha declarado el portavoz del Vaticano. Actualmente, sin embargo, \u00abse trata de un proyecto en un estado a\u00fan inicial, por lo que es demasiado pronto para hacer previsiones sobre una posible publicaci\u00f3n\u00bb. En cualquier caso \u00a0ha dicho el padre Lombardi \u00a0\u00abes importante observar que el papa Francisco tiene la intenci\u00f3n de poner especial \u00e9nfasis en el tema de la ecolog\u00eda del hombre\u00bb.<\/div>\n<div>\u00a0<\/div>\n<div>Fuente: zenit.org<\/div>\n<p><a href=\"http:\/\/web.hilo.org.pe\/wp-content\/uploads\/papa 2.jpg\" target=\"_blank\" rel=\"noopener\">Ver archivo adjunto<\/a><\/p>\n","protected":false},"excerpt":{"rendered":"<p>El presidente Hollande ha declarado a la prensa que el Papa est? trabajando en un documento sobre el clima. Lo ha hecho al salir del coloquio con el Santo Padre que ha tenido lugar esta ma?ana en el Vaticano y que ha durados unos 35 minutos.<\/p>\n","protected":false},"author":1,"featured_media":7855,"comment_status":"closed","ping_status":"closed","sticky":false,"template":"","format":"standard","meta":{"footnotes":""},"categories":[9],"tags":[],"class_list":["post-1644","post","type-post","status-publish","format-standard","has-post-thumbnail","hentry","category-noticias"],"_links":{"self":[{"href":"https:\/\/ceas.org.pe\/index.php\/wp-json\/wp\/v2\/posts\/1644","targetHints":{"allow":["GET"]}}],"collection":[{"href":"https:\/\/ceas.org.pe\/index.php\/wp-json\/wp\/v2\/posts"}],"about":[{"href":"https:\/\/ceas.org.pe\/index.php\/wp-json\/wp\/v2\/types\/post"}],"author":[{"embeddable":true,"href":"https:\/\/ceas.org.pe\/index.php\/wp-json\/wp\/v2\/users\/1"}],"replies":[{"embeddable":true,"href":"https:\/\/ceas.org.pe\/index.php\/wp-json\/wp\/v2\/comments?post=1644"}],"version-history":[{"count":1,"href":"https:\/\/ceas.org.pe\/index.php\/wp-json\/wp\/v2\/posts\/1644\/revisions"}],"predecessor-version":[{"id":7574,"href":"https:\/\/ceas.org.pe\/index.php\/wp-json\/wp\/v2\/posts\/1644\/revisions\/7574"}],"wp:featuredmedia":[{"embeddable":true,"href":"https:\/\/ceas.org.pe\/index.php\/wp-json\/wp\/v2\/media\/7855"}],"wp:attachment":[{"href":"https:\/\/ceas.org.pe\/index.php\/wp-json\/wp\/v2\/media?parent=1644"}],"wp:term":[{"taxonomy":"category","embeddable":true,"href":"https:\/\/ceas.org.pe\/index.php\/wp-json\/wp\/v2\/categories?post=1644"},{"taxonomy":"post_tag","embeddable":true,"href":"https:\/\/ceas.org.pe\/index.php\/wp-json\/wp\/v2\/tags?post=1644"}],"curies":[{"name":"wp","href":"https:\/\/api.w.org\/{rel}","templated":true}]}}