{"id":1638,"date":"2014-01-24T10:52:16","date_gmt":"2014-01-24T10:52:16","guid":{"rendered":""},"modified":"2026-03-11T09:12:26","modified_gmt":"2026-03-11T14:12:26","slug":"cultivemos-la-fraternidad-camino-para-la-paz","status":"publish","type":"post","link":"https:\/\/ceas.org.pe\/index.php\/2014\/01\/24\/cultivemos-la-fraternidad-camino-para-la-paz\/","title":{"rendered":"Cultivemos la fraternidad, camino para la paz"},"content":{"rendered":"<p>\u00a0<span style=\"font-family: Calibri, sans-serif; font-size: 11pt; text-align: center;\">Cultivemos la fraternidad, camino para la paz<\/span><\/p>\n<p class=\"MsoNormal\" align=\"center\" style=\"margin-bottom:0cm;margin-bottom:.0001pt;\ntext-align:center;text-autospace:none\"><span style=\"font-size:11.0pt;\nfont-family:\"Calibri\",\"sans-serif\";mso-ascii-theme-font:minor-latin;mso-hansi-theme-font:\nminor-latin\">\u00a0<\/span><\/p>\n<p class=\"MsoNormal\" align=\"center\" style=\"margin-bottom:12.0pt;text-align:center;\ntext-autospace:none\"><span style=\"font-size:11.0pt;font-family:\"Calibri\",\"sans-serif\";\nmso-ascii-theme-font:minor-latin;mso-hansi-theme-font:minor-latin\">Declaraci\u00f3n conjunta de los Episcopados de Chile y Per\u00fa<o:p><\/o:p><\/span><\/p>\n<ol>\n<li><span style=\"font-size:11.0pt;font-family:\"Calibri\",\"sans-serif\";mso-ascii-theme-font:\n    minor-latin;mso-hansi-theme-font:minor-latin\">Los pueblos de Chile y Per\u00fa conoceremos, el pr\u00f3ximo lunes 27 del presente, el dictamen de la Corte Internacional de Justicia con sede en La Haya, respecto de la disputa jur\u00eddica sobre el l\u00edmite mar\u00edtimo.<o:p><\/o:p><\/span><\/li>\n<li><span style=\"font-size:11.0pt;font-family:\"Calibri\",\"sans-serif\";mso-ascii-theme-font:\n    minor-latin;mso-hansi-theme-font:minor-latin\">Los obispos de ambos pa\u00edses queremos ofrecer una palabra com\u00fan en este momento, animados y esperanzados por los innumerables aspectos que nos han unido a lo largo de la historia y que nos seguir\u00e1n uniendo como pueblos y culturas, m\u00e1s all\u00e1 de las delimitaciones territoriales y la jurisdicci\u00f3n de los Estados.<o:p><\/o:p><\/span><\/li>\n<li><span style=\"font-size:11.0pt;font-family:\"Calibri\",\"sans-serif\";mso-ascii-theme-font:\n    minor-latin;mso-hansi-theme-font:minor-latin\">Los arraigados valores morales y las profundas tradiciones religiosas han unido siempre a nuestros pa\u00edses y han plasmado su identidad nacional. La fe ha sido y es el mejor lazo de integraci\u00f3n y la m\u00e1s profunda motivaci\u00f3n para trabajar por la paz.<o:p><\/o:p><\/span><\/li>\n<li><span style=\"font-size:11.0pt;font-family:\"Calibri\",\"sans-serif\";mso-ascii-theme-font:\n    minor-latin;mso-hansi-theme-font:minor-latin\">En su mensaje para la jornada mundial de la Paz 2014, el papa Francisco nos ha recordado que el objetivo es la paz: \u201c<i>solo es posible alcanzarla realmente y gozar de ella, como mejor calidad de vida y como desarrollo m\u00e1s humano y sostenible, si se asume en la pr\u00e1ctica, por parte de todos, una determinaci\u00f3n firme y perseverante de empe\u00f1arse por el bien com\u00fan. Lo cual implica no dejarse llevar por el af\u00e1n de ganancia o por la sed de poder<\/i>\u201d.<o:p><\/o:p><\/span><\/li>\n<li><span style=\"font-size:11.0pt;font-family:\"Calibri\",\"sans-serif\";mso-ascii-theme-font:\n    minor-latin;mso-hansi-theme-font:minor-latin\">Tras las declaraciones de las autoridades y distintos sectores en cada naci\u00f3n, confiamos en que se mantenga un clima de respeto y serenidad. Esperamos que la determinaci\u00f3n\u00a0 de la Corte Internacional de Justicia de la Haya, sea asumida por ambas partes. Confiamos que la convivencia fraterna, tarea de todos y de siempre, sea fortalecida y consolidada entre nuestros dos pa\u00edses.<o:p><\/o:p><\/span><\/li>\n<li><span style=\"font-size:11.0pt;font-family:\"Calibri\",\"sans-serif\";mso-ascii-theme-font:\n    minor-latin;mso-hansi-theme-font:minor-latin\">Con una mirada esperanzadora, hagamos de este momento una gran oportunidad para reforzar y profundizar relaciones de cooperaci\u00f3n sustentadas en la confianza rec\u00edproca. Avancemos en una decidida integraci\u00f3n, como afirmamos en nuestra declaraci\u00f3n conjunta del 21 de julio de 2013, \u201cnuestras relaciones s\u00f3lo podr\u00e1n seguir ampli\u00e1ndose y mejorando en la realizaci\u00f3n de nuestra identidad com\u00fan\u201d.<o:p><\/o:p><\/span><\/li>\n<li><span style=\"font-size:11.0pt;font-family:\"Calibri\",\"sans-serif\";mso-ascii-theme-font:\n    minor-latin;mso-hansi-theme-font:minor-latin\">A las personas y comunidades cat\u00f3licas peruanas y chilenas, les invitamos a una especial oraci\u00f3n por la paz y la fraternidad entre nuestros pueblos, por la intercesi\u00f3n de nuestra madre, la Sant\u00edsima Virgen Mar\u00eda, Reina de la Paz y los santos hermanos nuestros: Rosa de Lima, Teresa de los Andes, Mart\u00edn de Porres y Alberto Hurtado.<o:p><\/o:p><\/span><\/li>\n<\/ol>\n<p class=\"MsoNormal\" align=\"right\" style=\"margin-top:0cm;margin-right:0cm;\nmargin-bottom:0cm;margin-left:36.0pt;margin-bottom:.0001pt;text-align:right;\ntext-autospace:none\"><span style=\"font-size:11.0pt;font-family:\"Calibri\",\"sans-serif\";\nmso-ascii-theme-font:minor-latin;mso-hansi-theme-font:minor-latin\">\u00a0<o:p><\/o:p><\/span><\/p>\n<p class=\"MsoNormal\" align=\"right\" style=\"margin-top:0cm;margin-right:0cm;\nmargin-bottom:0cm;margin-left:36.0pt;margin-bottom:.0001pt;text-align:right;\ntext-autospace:none\"><span style=\"font-size:11.0pt;font-family:\"Calibri\",\"sans-serif\";\nmso-ascii-theme-font:minor-latin;mso-hansi-theme-font:minor-latin\">Santiago de Chile y Lima, 24 de enero de 2014<o:p><\/o:p><\/span><\/p>\n<p class=\"MsoNormal\" align=\"right\" style=\"margin-top:0cm;margin-right:0cm;\nmargin-bottom:0cm;margin-left:36.0pt;margin-bottom:.0001pt;text-align:right;\ntext-autospace:none\"><span style=\"font-size:11.0pt;font-family:\"Calibri\",\"sans-serif\";\nmso-ascii-theme-font:minor-latin;mso-hansi-theme-font:minor-latin\">\u00a0<\/span><\/p>\n<p class=\"MsoNormal\" align=\"right\" style=\"margin-top:0cm;margin-right:0cm;\nmargin-bottom:0cm;margin-left:36.0pt;margin-bottom:.0001pt;text-align:right;\ntext-autospace:none\"><span style=\"font-size:11.0pt;font-family:\"Calibri\",\"sans-serif\";\nmso-ascii-theme-font:minor-latin;mso-hansi-theme-font:minor-latin\">\u00a0<\/span><\/p>\n<p class=\"MsoNormal\" style=\"margin-bottom:0cm;margin-bottom:.0001pt;tab-stops:\ncenter 5.0cm 354.4pt;text-autospace:none\"><i><span style=\"font-size:11.0pt;\nfont-family:\"Calibri\",\"sans-serif\";mso-ascii-theme-font:minor-latin;mso-hansi-theme-font:\nminor-latin\">Por los Obispos de Chile \u00a0\u00a0\u00a0\u00a0\u00a0\u00a0\u00a0\u00a0\u00a0\u00a0\u00a0\u00a0\u00a0\u00a0\u00a0\u00a0\u00a0\u00a0\u00a0\u00a0\u00a0\u00a0\u00a0\u00a0\u00a0\u00a0\u00a0Por los Obispos del Per\u00fa<br \/>\n<o:p><\/o:p><\/span><\/i><span style=\"font-family: Calibri, sans-serif; font-size: 11pt;\">Ricardo EzzatiAndrello<\/span><span style=\"font-family: Calibri, sans-serif; font-size: 11pt;\">\u00a0\u00a0\u00a0\u00a0\u00a0\u00a0\u00a0\u00a0\u00a0\u00a0\u00a0\u00a0\u00a0\u00a0\u00a0\u00a0\u00a0\u00a0\u00a0\u00a0\u00a0\u00a0\u00a0\u00a0\u00a0\u00a0\u00a0\u00a0\u00a0<\/span><span style=\"font-family: Calibri, sans-serif; font-size: 11pt;\">Salvador Pi\u00f1eiro Garc\u00eda &#8211; Calder\u00f3n<br \/>\n<\/span><span style=\"font-size:11.0pt;\nfont-family:\"Calibri\",\"sans-serif\";mso-ascii-theme-font:minor-latin;mso-hansi-theme-font:\nminor-latin\">Arzobispo de Santiago\u00a0\u00a0\u00a0\u00a0\u00a0\u00a0\u00a0\u00a0\u00a0\u00a0\u00a0\u00a0\u00a0\u00a0\u00a0\u00a0\u00a0\u00a0\u00a0\u00a0\u00a0\u00a0\u00a0\u00a0\u00a0\u00a0\u00a0\u00a0\u00a0\u00a0Arzobispo de Ayacucho <br \/>\n<o:p><\/o:p><\/span><span style=\"font-size:11.0pt;\nfont-family:\"Calibri\",\"sans-serif\";mso-ascii-theme-font:minor-latin;mso-hansi-theme-font:\nminor-latin\">Presidente \u00a0 \u00a0 \u00a0 \u00a0 \u00a0 \u00a0 \u00a0 \u00a0 \u00a0 \u00a0 \u00a0 \u00a0 \u00a0 \u00a0 \u00a0 \u00a0 \u00a0 \u00a0 \u00a0 \u00a0 \u00a0 \u00a0 \u00a0 \u00a0 \u00a0 \u00a0\u00a0Presidente<br \/>\n<\/span><span style=\"font-family: Calibri, sans-serif; font-size: 11pt;\">Conferencia Episcopal de Chile<\/span><span style=\"font-family: Calibri, sans-serif; font-size: 11pt;\">\u00a0 \u00a0 \u00a0 \u00a0 \u00a0 \u00a0\u00a0<\/span><span style=\"font-family: Calibri, sans-serif; font-size: 11pt;\">Conferencia Episcopal Peruana<\/span><\/p>\n<p><a href=\"http:\/\/web.hilo.org.pe\/wp-content\/uploads\/CEP.jpg\" target=\"_blank\" rel=\"noopener\">Ver archivo adjunto<\/a><\/p>\n","protected":false},"excerpt":{"rendered":"<p>Declaraci?n conjunta de los Episcopados de Chile y Per? sobre el Fallo de la Haya<\/p>\n","protected":false},"author":1,"featured_media":7882,"comment_status":"closed","ping_status":"closed","sticky":false,"template":"","format":"standard","meta":{"footnotes":""},"categories":[9],"tags":[],"class_list":["post-1638","post","type-post","status-publish","format-standard","has-post-thumbnail","hentry","category-noticias"],"_links":{"self":[{"href":"https:\/\/ceas.org.pe\/index.php\/wp-json\/wp\/v2\/posts\/1638","targetHints":{"allow":["GET"]}}],"collection":[{"href":"https:\/\/ceas.org.pe\/index.php\/wp-json\/wp\/v2\/posts"}],"about":[{"href":"https:\/\/ceas.org.pe\/index.php\/wp-json\/wp\/v2\/types\/post"}],"author":[{"embeddable":true,"href":"https:\/\/ceas.org.pe\/index.php\/wp-json\/wp\/v2\/users\/1"}],"replies":[{"embeddable":true,"href":"https:\/\/ceas.org.pe\/index.php\/wp-json\/wp\/v2\/comments?post=1638"}],"version-history":[{"count":1,"href":"https:\/\/ceas.org.pe\/index.php\/wp-json\/wp\/v2\/posts\/1638\/revisions"}],"predecessor-version":[{"id":7580,"href":"https:\/\/ceas.org.pe\/index.php\/wp-json\/wp\/v2\/posts\/1638\/revisions\/7580"}],"wp:featuredmedia":[{"embeddable":true,"href":"https:\/\/ceas.org.pe\/index.php\/wp-json\/wp\/v2\/media\/7882"}],"wp:attachment":[{"href":"https:\/\/ceas.org.pe\/index.php\/wp-json\/wp\/v2\/media?parent=1638"}],"wp:term":[{"taxonomy":"category","embeddable":true,"href":"https:\/\/ceas.org.pe\/index.php\/wp-json\/wp\/v2\/categories?post=1638"},{"taxonomy":"post_tag","embeddable":true,"href":"https:\/\/ceas.org.pe\/index.php\/wp-json\/wp\/v2\/tags?post=1638"}],"curies":[{"name":"wp","href":"https:\/\/api.w.org\/{rel}","templated":true}]}}