{"id":1636,"date":"2014-01-23T14:28:28","date_gmt":"2014-01-23T14:28:28","guid":{"rendered":""},"modified":"2026-03-11T09:12:26","modified_gmt":"2026-03-11T14:12:26","slug":"papa-en-mensaje-comunicaciones-sociales-no-basta-con-estar-conectados-hay-que-buscar-el-encuentro","status":"publish","type":"post","link":"https:\/\/ceas.org.pe\/index.php\/2014\/01\/23\/papa-en-mensaje-comunicaciones-sociales-no-basta-con-estar-conectados-hay-que-buscar-el-encuentro\/","title":{"rendered":"Papa en mensaje Comunicaciones Sociales: no basta con estar conectados hay que buscar el encuentro"},"content":{"rendered":"<p><span style=\"text-align: justify;\">En una sociedad en la que internet ha cambiado la forma de relacionarse de las personas, el Papa<\/span><span style=\"text-align: justify;\"> invita a conectar con los dem\u00e1s<\/span><span style=\"text-align: justify;\"> de un modo m\u00e1s profundo.<\/span><\/p>\n<p class=\"MsoNormal\" style=\"margin-bottom: 0.0001pt; text-align: justify;\"><span lang=\"ES\">\u00a0<\/span><\/p>\n<p class=\"MsoNormal\" style=\"margin-bottom: 0.0001pt; text-align: justify;\"><span lang=\"ES\">MONS. CLAUDIO MAR\u00cdA CELLI\u00a0<\/span><span lang=\"ES\"><o:p><\/o:p><\/span><\/p>\n<p class=\"MsoNormal\" style=\"margin-bottom: 0.0001pt; text-align: justify;\"><span lang=\"ES\">Pontificio Consejo para las Comunicaciones Sociales<\/span><span lang=\"ES\"><o:p><\/o:p><\/span><\/p>\n<p class=\"MsoNormal\" style=\"margin-bottom: 0.0001pt; text-align: justify;\"><i><span lang=\"ES\">\u00abEstamos sometidos a una avalancha de mensajes, de comunicaciones, de sonidos, de todo. A veces el hombre tiene una gran dificultad para saber cu\u00e1les de estos mensajes son favorables para su camino de b\u00fasqueda de la Verdad\u201d.<\/span><\/i><span lang=\"ES\"><o:p><\/o:p><\/span><\/p>\n<p class=\"MsoNormal\" style=\"margin-bottom: 0.0001pt; text-align: justify;\"><span lang=\"ES\">El mensaje se apoya en dos ideas. La primera es la de \u00abproximidad\u201d hacia los dem\u00e1s. El Papa usa la par\u00e1bola del buen samaritano para explicar c\u00f3mo debe ser una comunicaci\u00f3n cercana.<o:p><\/o:p><\/span><\/p>\n<p class=\"MsoNormal\" style=\"margin-bottom: 0.0001pt; text-align: justify;\"><span lang=\"ES\">Dice que, al igual que el buen samaritano ayud\u00f3 al hombre herido, no es suficiente comunicarse sino que es necesario que \u00abla conexi\u00f3n vaya acompa\u00f1ada de un verdadero encuentro\u201d.<o:p><\/o:p><\/span><\/p>\n<p class=\"MsoNormal\" style=\"margin-bottom: 0.0001pt; text-align: justify;\"><span lang=\"ES\">\u00a0<\/span><\/p>\n<p class=\"MsoNormal\" style=\"margin-bottom: 0.0001pt; text-align: justify;\"><span lang=\"ES\">MONS. CLAUDIO MAR\u00cdA CELLI\u00a0<\/span><span lang=\"ES\"><o:p><\/o:p><\/span><\/p>\n<p class=\"MsoNormal\" style=\"margin-bottom: 0.0001pt; text-align: justify;\"><span lang=\"ES\">Pontificio Consejo para las Comunicaciones Sociales<\/span><span lang=\"ES\"><o:p><\/o:p><\/span><\/p>\n<p class=\"MsoNormal\" style=\"margin-bottom: 0.0001pt; text-align: justify;\"><i><span lang=\"ES\">\u00abEl Papa dice que esta presencia nuestra no es como caminar por las \u201ccalles\u201d digitales del mundo comunicativo de hoy si no m\u00e1s bien asumir esta responsabilidad de hacernos cercanos, de compartir. Despu\u00e9s el Papa dice que la comunicaci\u00f3n se hace proximidad\u201d.\u00a0<\/span><\/i><span lang=\"ES\"><o:p><\/o:p><\/span><\/p>\n<p class=\"MsoNormal\" style=\"margin-bottom: 0.0001pt; text-align: justify;\"><span lang=\"ES\">La segunda idea del mensaje se centra en el papel misionero de la Iglesia. El Papa llama a cada cat\u00f3lico a dar ejemplo con su propia vida.<o:p><\/o:p><\/span><\/p>\n<p class=\"MsoNormal\" style=\"margin-bottom: 0.0001pt; text-align: justify;\"><span lang=\"ES\">Pero subraya a la vez que esto no significa \u00abbombardear con mensajes religiosos\u201d sino abrirse al di\u00e1logo con los dem\u00e1s.<o:p><\/o:p><\/span><\/p>\n<p class=\"MsoNormal\" style=\"margin-bottom: 0.0001pt; text-align: justify;\"><span lang=\"ES\">\u00a0<\/span><\/p>\n<p class=\"MsoNormal\" style=\"margin-bottom: 0.0001pt; text-align: justify;\"><span lang=\"ES\">MONS. CLAUDIO MAR\u00cdA CELLI\u00a0<\/span><span lang=\"ES\"><o:p><\/o:p><\/span><\/p>\n<p class=\"MsoNormal\" style=\"margin-bottom: 0.0001pt; text-align: justify;\"><span lang=\"ES\">Pontificio Consejo para las Comunicaciones Sociales<\/span><span lang=\"ES\"><o:p><\/o:p><\/span><\/p>\n<p class=\"MsoNormal\" style=\"margin-bottom: 0.0001pt; text-align: justify;\"><i><span lang=\"ES\">\u00abMuchos de los que habitan en las redes sociales son disc\u00edpulos de Se\u00f1or y el Papa invita a todas estas personas a dar testimonio; un testimonio de su vida, de autenticidad\u201d.\u00a0<\/span><\/i><span lang=\"ES\"><o:p><\/o:p><\/span><\/p>\n<p class=\"MsoNormal\" style=\"margin-bottom: 0.0001pt; text-align: justify;\"><span lang=\"ES\">Pero por encima de todo, el mensaje del Papa habla de usar los medios de comunicaci\u00f3n no s\u00f3lo para conectar a personas sino para propiciar su encuentro. Habla de crear relaciones que traspasen las pantallas de los ordenadores o de los smartphones.<o:p><\/o:p><\/span><\/p>\n<p class=\"MsoNormal\">\u00a0<\/p>\n<p class=\"MsoNormal\"><i><span lang=\"ES\">Tomado de: Rome Reports 23\/01\/14<o:p><\/o:p><\/span><\/i><\/p>\n<p><a href=\"http:\/\/web.hilo.org.pe\/wp-content\/uploads\/COMUNICACION.jpg\" target=\"_blank\" rel=\"noopener\">Ver archivo adjunto<\/a><\/p>\n","protected":false},"excerpt":{"rendered":"<p>El Papa Francisco public? su primer mensaje para la Jornada Mundial de las Comunicaciones Sociales. Se centra en uno de los temas en los que m?s ha insistido el Papa: \u00abla cultura del encuentro?.<\/p>\n","protected":false},"author":1,"featured_media":7931,"comment_status":"closed","ping_status":"closed","sticky":false,"template":"","format":"standard","meta":{"footnotes":""},"categories":[9],"tags":[],"class_list":["post-1636","post","type-post","status-publish","format-standard","has-post-thumbnail","hentry","category-noticias"],"_links":{"self":[{"href":"https:\/\/ceas.org.pe\/index.php\/wp-json\/wp\/v2\/posts\/1636","targetHints":{"allow":["GET"]}}],"collection":[{"href":"https:\/\/ceas.org.pe\/index.php\/wp-json\/wp\/v2\/posts"}],"about":[{"href":"https:\/\/ceas.org.pe\/index.php\/wp-json\/wp\/v2\/types\/post"}],"author":[{"embeddable":true,"href":"https:\/\/ceas.org.pe\/index.php\/wp-json\/wp\/v2\/users\/1"}],"replies":[{"embeddable":true,"href":"https:\/\/ceas.org.pe\/index.php\/wp-json\/wp\/v2\/comments?post=1636"}],"version-history":[{"count":1,"href":"https:\/\/ceas.org.pe\/index.php\/wp-json\/wp\/v2\/posts\/1636\/revisions"}],"predecessor-version":[{"id":7582,"href":"https:\/\/ceas.org.pe\/index.php\/wp-json\/wp\/v2\/posts\/1636\/revisions\/7582"}],"wp:featuredmedia":[{"embeddable":true,"href":"https:\/\/ceas.org.pe\/index.php\/wp-json\/wp\/v2\/media\/7931"}],"wp:attachment":[{"href":"https:\/\/ceas.org.pe\/index.php\/wp-json\/wp\/v2\/media?parent=1636"}],"wp:term":[{"taxonomy":"category","embeddable":true,"href":"https:\/\/ceas.org.pe\/index.php\/wp-json\/wp\/v2\/categories?post=1636"},{"taxonomy":"post_tag","embeddable":true,"href":"https:\/\/ceas.org.pe\/index.php\/wp-json\/wp\/v2\/tags?post=1636"}],"curies":[{"name":"wp","href":"https:\/\/api.w.org\/{rel}","templated":true}]}}