{"id":1635,"date":"2014-01-23T11:36:12","date_gmt":"2014-01-23T11:36:12","guid":{"rendered":""},"modified":"2026-03-11T09:12:26","modified_gmt":"2026-03-11T14:12:26","slug":"reunion-del-directorio-de-la-comision-episcopal-de-pastoral-social","status":"publish","type":"post","link":"https:\/\/ceas.org.pe\/index.php\/2014\/01\/23\/reunion-del-directorio-de-la-comision-episcopal-de-pastoral-social\/","title":{"rendered":"Reuni\u00f3n del Directorio de la Comisi\u00f3n Episcopal de Pastoral Social"},"content":{"rendered":"<div>\u00a0<\/div>\n<div>Los obispos que conforman dicho directorio son Monse\u00f1or H\u00e9ctor Vera Colona, Monse\u00f1or Daniel Turley, Monse\u00f1or Sebasti\u00e1n Ramis, Monse\u00f1or Alarc\u00f3n, Monse\u00f1or Carmelo Mart\u00ednez, Monse\u00f1or Pedro Barreto y Monse\u00f1or Ivo Baldi.<\/div>\n<div>\u00a0<\/div>\n<div>Participaron tambi\u00e9n los responsables de programas y de C\u00e1ritas del Per\u00fa. En la cita se present\u00f3 la propuesta del Plan Operativo Anual 2014 y los informes de cada programa.\u00a0<span style=\"font-size: 12px;\">La reuni\u00f3n se realiz\u00f3 el lunes 20 de enero.\u00a0<\/span><\/div>\n<div>\u00a0<\/div>\n<div><a href=\"https:\/\/www.facebook.com\/media\/set\/?set=a.771463819548541.1073741833.197934076901521&#038;type=1\">VER FOTOS\u00a0<\/a><\/div>\n<div>\u00a0<\/div>\n<div>\u00a0<\/div>\n<p><a href=\"http:\/\/web.hilo.org.pe\/wp-content\/uploads\/reunion directorio pastoral.jpg\" target=\"_blank\" rel=\"noopener\">Ver archivo adjunto<\/a><\/p>\n","protected":false},"excerpt":{"rendered":"<p>En esta semana, que se desarrolla en Lima la 103 Asamblea Plenaria de los Obispos del Per?, tuvo lugar tambi?n la reuni?n del Directorio de la Comisi?n Episcopal de Pastoral Social; con la presencia de varios obispos y los responsables de las diversas ?reas pastorales, entre ellas la Comisi?n Episcopal de Acci?n Social (CEAS), representado por Humberto Ortiz.<\/p>\n","protected":false},"author":1,"featured_media":7930,"comment_status":"closed","ping_status":"closed","sticky":false,"template":"","format":"standard","meta":{"footnotes":""},"categories":[9],"tags":[],"class_list":["post-1635","post","type-post","status-publish","format-standard","has-post-thumbnail","hentry","category-noticias"],"_links":{"self":[{"href":"https:\/\/ceas.org.pe\/index.php\/wp-json\/wp\/v2\/posts\/1635","targetHints":{"allow":["GET"]}}],"collection":[{"href":"https:\/\/ceas.org.pe\/index.php\/wp-json\/wp\/v2\/posts"}],"about":[{"href":"https:\/\/ceas.org.pe\/index.php\/wp-json\/wp\/v2\/types\/post"}],"author":[{"embeddable":true,"href":"https:\/\/ceas.org.pe\/index.php\/wp-json\/wp\/v2\/users\/1"}],"replies":[{"embeddable":true,"href":"https:\/\/ceas.org.pe\/index.php\/wp-json\/wp\/v2\/comments?post=1635"}],"version-history":[{"count":1,"href":"https:\/\/ceas.org.pe\/index.php\/wp-json\/wp\/v2\/posts\/1635\/revisions"}],"predecessor-version":[{"id":7583,"href":"https:\/\/ceas.org.pe\/index.php\/wp-json\/wp\/v2\/posts\/1635\/revisions\/7583"}],"wp:featuredmedia":[{"embeddable":true,"href":"https:\/\/ceas.org.pe\/index.php\/wp-json\/wp\/v2\/media\/7930"}],"wp:attachment":[{"href":"https:\/\/ceas.org.pe\/index.php\/wp-json\/wp\/v2\/media?parent=1635"}],"wp:term":[{"taxonomy":"category","embeddable":true,"href":"https:\/\/ceas.org.pe\/index.php\/wp-json\/wp\/v2\/categories?post=1635"},{"taxonomy":"post_tag","embeddable":true,"href":"https:\/\/ceas.org.pe\/index.php\/wp-json\/wp\/v2\/tags?post=1635"}],"curies":[{"name":"wp","href":"https:\/\/api.w.org\/{rel}","templated":true}]}}