{"id":1634,"date":"2014-01-22T10:02:19","date_gmt":"2014-01-22T10:02:19","guid":{"rendered":""},"modified":"2026-03-11T09:12:26","modified_gmt":"2026-03-11T14:12:26","slug":"el-papa-pide-paz-en-siria-apostad-por-la-paz-en-lugar-de-la-violencia","status":"publish","type":"post","link":"https:\/\/ceas.org.pe\/index.php\/2014\/01\/22\/el-papa-pide-paz-en-siria-apostad-por-la-paz-en-lugar-de-la-violencia\/","title":{"rendered":"El Papa pide paz en Siria: Apostad por la paz en lugar de la violencia"},"content":{"rendered":"<p>\u00a0<span style=\"text-align: justify;\">A pesar de la lluvia unas <\/span><b style=\"text-align: justify;\">13.000 personas fueron a la audiencia general del mi\u00e9rcoles.<\/b><span style=\"text-align: justify;\"> El Papa se par\u00f3 a charlar con un grupo de aficionados de f\u00fatbol argentinos y no tuvo inconveniente en<\/span><b style=\"text-align: justify;\"> intercambiar su solideo<\/b><span style=\"text-align: justify;\"> no una sino, dos veces. Bendijo a varios beb\u00e9s a lo largo del camino aunque a una de ellas no le entusiasm\u00f3 demasiado la idea.<\/span><\/p>\n<p class=\"MsoNormal\" style=\"margin-bottom: 0.0001pt; text-align: justify;\"><b><span lang=\"ES\"><br \/>\nFRANCISCO\u00a0<\/span><\/b><span lang=\"ES\"><o:p><\/o:p><\/span><\/p>\n<p class=\"MsoNormal\" style=\"margin-bottom: 0.0001pt; text-align: justify;\"><i><span lang=\"ES\">\u00abNo, no, que se asusta. Tiene miedo\u201d.<\/span><\/i><span lang=\"ES\"><o:p><\/o:p><\/span><\/p>\n<p class=\"MsoNormal\" style=\"margin-bottom: 0.0001pt; text-align: justify;\"><b><span lang=\"ES\"><br \/>\nFRANCISCO<\/span><\/b><span lang=\"ES\"><o:p><\/o:p><\/span><\/p>\n<p class=\"MsoNormal\" style=\"margin-bottom: 0.0001pt; text-align: justify;\"><i><span lang=\"ES\">\u00abPorque despu\u00e9s tendr\u00e9 que pagarle un psiquiatra\u201d.<\/span><\/i><span lang=\"ES\"><o:p><\/o:p><\/span><\/p>\n<p class=\"MsoNormal\" style=\"margin-bottom: 0.0001pt; text-align: justify;\"><span lang=\"ES\"><br \/>\nDurante la catequesis el Papa habl\u00f3 sobre <b>ecumenismo <\/b>porque esta semana la Iglesia reza por la unidad de los cristianos. Francisco dijo que <b>las divisiones entre ellos son un esc\u00e1ndalo.<\/b><o:p><\/o:p><\/span><\/p>\n<p class=\"MsoNormal\" style=\"margin-bottom: 0.0001pt; text-align: justify;\"><b><span lang=\"ES\"><br \/>\nFRANCISCO<\/span><\/b><span lang=\"ES\"><o:p><\/o:p><\/span><\/p>\n<p class=\"MsoNormal\" style=\"margin-bottom: 0.0001pt; text-align: justify;\"><i><span lang=\"ES\">\u00abNuestras comunidades contin\u00faan divididas y esto es un esc\u00e1ndalo. Las divisiones entre nosotros son un esc\u00e1ndalo, no hay otra palabra, un esc\u00e1ndalo\u201d.<\/span><\/i><span lang=\"ES\"><o:p><\/o:p><\/span><\/p>\n<p class=\"MsoNormal\" style=\"margin-bottom: 0.0001pt; text-align: justify;\"><span lang=\"ES\">El Papa explic\u00f3 que los cristianos pueden aprender los unos de los otros. Lo que le falte a unos se puede encontrar en otros.<o:p><\/o:p><\/span><\/p>\n<p class=\"MsoNormal\" style=\"margin-bottom: 0.0001pt; text-align: justify;\"><b><span lang=\"ES\"><br \/>\n\u00a0FRANCISCO<\/span><\/b><span lang=\"ES\"><o:p><\/o:p><\/span><\/p>\n<p class=\"MsoNormal\" style=\"margin-bottom: 0.0001pt; text-align: justify;\"><i><span lang=\"ES\">\u00abAgradezcamos, sinceramente, las gracias que Dios ha dado a otros cristianos. Tenemos el mismo bautismo, el mismo Esp\u00edritu Santo que nos ha dado la gracia. Reconozc\u00e1moslo y agradezc\u00e1moslo\u201d.<\/span><\/i><span lang=\"ES\"><o:p><\/o:p><\/span><\/p>\n<p class=\"MsoNormal\" style=\"margin-bottom: 0.0001pt; text-align: justify;\"><span lang=\"ES\">Antes de terminar la audiencia general,<b> el Papa hizo un apelo por la paz en Siria. <\/b>El mi\u00e9rcoles, una conferencia internacional por la paz en la zona comenz\u00f3 en Suiza. El Papa pidi\u00f3 a gobierno y ciudadanos que trabajen<b> por la reconciliaci\u00f3n dejando a un lado la violencia.<\/b><o:p><\/o:p><\/span><\/p>\n<p class=\"MsoNormal\" style=\"margin-bottom: 0.0001pt; text-align: justify;\"><b><span lang=\"ES\"><br \/>\nFRANCISCO<\/span><\/b><span lang=\"ES\"><o:p><\/o:p><\/span><\/p>\n<p class=\"MsoNormal\" style=\"margin-bottom: 0.0001pt; text-align: justify;\"><i><span lang=\"ES\">\u00abDonde cada uno pueda encontrar en el otro no un enemigo, no un contrincante, sino un hermano al que acoger y abrazar\u201d.<\/span><\/i><span lang=\"ES\"><o:p><\/o:p><\/span><\/p>\n<p class=\"MsoNormal\" style=\"margin-bottom: 0.0001pt; text-align: justify;\"><span lang=\"ES\">Habitualmente, en esta \u00e9poca del a\u00f1o, las audiencias generales no se hacen en el exterior por el mal tiempo. Sin embargo, <b>hay tantos peregrinos<\/b>\u00a0que, por el momento, se ha decidido que contin\u00faen siendo en la plaza de San Pedro.<o:p><\/o:p><\/span><\/p>\n<p class=\"MsoNormal\"><i><span lang=\"ES\">Tomado de:\u00a0 Rome Reports del 22 de enero de 2014<o:p><\/o:p><\/span><\/i><\/p>\n<p><a href=\"http:\/\/web.hilo.org.pe\/wp-content\/uploads\/PAZ EN SIRIA.jpg\" target=\"_blank\" rel=\"noopener\">Ver archivo adjunto<\/a><\/p>\n","protected":false},"excerpt":{"rendered":"<p>A pesar de la lluvia unas 13.000 personas fueron a la audiencia general del mi?rcoles. El Papa se par? a charlar con un grupo de aficionados de f?tbol argentinos y no tuvo inconveniente en intercambiar su solideo no una sino, dos veces. Bendijo a varios beb?s a lo largo del camino aunque a una de ellas no le entusiasm? demasiado la idea.<\/p>\n","protected":false},"author":1,"featured_media":7929,"comment_status":"closed","ping_status":"closed","sticky":false,"template":"","format":"standard","meta":{"footnotes":""},"categories":[9],"tags":[],"class_list":["post-1634","post","type-post","status-publish","format-standard","has-post-thumbnail","hentry","category-noticias"],"_links":{"self":[{"href":"https:\/\/ceas.org.pe\/index.php\/wp-json\/wp\/v2\/posts\/1634","targetHints":{"allow":["GET"]}}],"collection":[{"href":"https:\/\/ceas.org.pe\/index.php\/wp-json\/wp\/v2\/posts"}],"about":[{"href":"https:\/\/ceas.org.pe\/index.php\/wp-json\/wp\/v2\/types\/post"}],"author":[{"embeddable":true,"href":"https:\/\/ceas.org.pe\/index.php\/wp-json\/wp\/v2\/users\/1"}],"replies":[{"embeddable":true,"href":"https:\/\/ceas.org.pe\/index.php\/wp-json\/wp\/v2\/comments?post=1634"}],"version-history":[{"count":1,"href":"https:\/\/ceas.org.pe\/index.php\/wp-json\/wp\/v2\/posts\/1634\/revisions"}],"predecessor-version":[{"id":7585,"href":"https:\/\/ceas.org.pe\/index.php\/wp-json\/wp\/v2\/posts\/1634\/revisions\/7585"}],"wp:featuredmedia":[{"embeddable":true,"href":"https:\/\/ceas.org.pe\/index.php\/wp-json\/wp\/v2\/media\/7929"}],"wp:attachment":[{"href":"https:\/\/ceas.org.pe\/index.php\/wp-json\/wp\/v2\/media?parent=1634"}],"wp:term":[{"taxonomy":"category","embeddable":true,"href":"https:\/\/ceas.org.pe\/index.php\/wp-json\/wp\/v2\/categories?post=1634"},{"taxonomy":"post_tag","embeddable":true,"href":"https:\/\/ceas.org.pe\/index.php\/wp-json\/wp\/v2\/tags?post=1634"}],"curies":[{"name":"wp","href":"https:\/\/api.w.org\/{rel}","templated":true}]}}