{"id":1633,"date":"2014-01-23T11:32:20","date_gmt":"2014-01-23T11:32:20","guid":{"rendered":""},"modified":"2026-03-11T09:12:26","modified_gmt":"2026-03-11T14:12:26","slug":"iglesia-ante-la-onu-se-ratifica-en-proteccion-de-menores-frente-al-abuso-de-nioos","status":"publish","type":"post","link":"https:\/\/ceas.org.pe\/index.php\/2014\/01\/23\/iglesia-ante-la-onu-se-ratifica-en-proteccion-de-menores-frente-al-abuso-de-nioos\/","title":{"rendered":"Iglesia ante la ONU se ratifica en protecci\u00f3n de menores frente al abuso de ni\u00f3os"},"content":{"rendered":"<div>\u201cLa protecci\u00f3n de los ni\u00f1os sigue siendo una gran preocupaci\u00f3n de la sociedad contempor\u00e1nea y de la Santa Sede -ha dicho el Prelado-. Los abusadores se encuentran entre los miembros de las profesiones m\u00e1s respetadas del mundo, lamentablemente, incluidos los miembros del clero y otro personal de la Iglesia\u201d.<\/div>\n<div>\u00a0<\/div>\n<div>Ante esta realidad, dijo el Arzobispo, \u201cla Santa Sede ha delineado cuidadosamente pol\u00edticas y procedimientos dise\u00f1ados para contribuir a eliminar esos abusos y colaborar con las autoridades estatales respectivas en la lucha contra este delito\u201d.<\/div>\n<div>\u00a0<\/div>\n<div>\u201cLa Santa Sede tambi\u00e9n se ha comprometido a escuchar con atenci\u00f3n a las v\u00edctimas de abusos y abordar el impacto que tales situaciones tienen en las v\u00edctimas de abuso y de sus familias . La gran mayor\u00eda del personal de la Iglesia y las instituciones a nivel local han proporcionado, y seguir\u00e1n proporcionando, una amplia variedad de servicios a los ni\u00f1os mediante la educaci\u00f3n, y el apoyo a sus familias, y respondiendo a sus necesidades f\u00edsicas, emocionales y espirituales. Los cr\u00edmenes atroces de abusos cometidos contra los ni\u00f1os han sido juzgados y castigados, como es debido, por las autoridades civiles competentes en los respectivos pa\u00edses\u201d.<\/div>\n<div>\u00a0<\/div>\n<div>\u201cPor lo tanto , la respuesta de la Santa Sede al triste fen\u00f3meno de los abusos sexuales a menores se ha articulado en diferentes \u00e1mbitos. En el nivel de la Santa Sede , como Estado Soberano de la Ciudad del Vaticano, la respuesta a los abusos sexuales ha obedecido a su responsabilidad directa sobre el territorio de la Ciudad del Vaticano. En este sentido, se ha promulgado una legislaci\u00f3n especial para cumplir las obligaciones legales internacionales, que abarca adem\u00e1s a ese Estado, y a su reducida poblaci\u00f3n\u201d.<\/div>\n<div>\u00a0<\/div>\n<div>En el plano internacional, continu\u00f3 Mons. Tomasi, \u201cla Santa Sede ha tomado medidas concretas para la ratificaci\u00f3n de la Convenci\u00f3n sobre los Derechos del Ni\u00f1o en 1990. En 2000, la Santa Sede se adhiri\u00f3 al Protocolo Facultativo relativo a la Venta de Ni\u00f1os, la Prostituci\u00f3n Infantil y la Pornograf\u00eda Infantil, as\u00ed como al Protocolo Facultativo relativo a la participaci\u00f3n de ni\u00f1os en los conflictos armados. La Santa Sede promueve y anima a estos instrumentos internacionales\u201d.<\/div>\n<div>\u00a0<\/div>\n<div>\u201cAl mismo tiempo, la Santa Sede como el \u00f3rgano central de la Iglesia Cat\u00f3lica ha formulado directrices para facilitar el trabajo de las Iglesias locales para poner a punto medidas efectivas dentro de su jurisdicci\u00f3n y de conformidad con la legislaci\u00f3n can\u00f3nica. Las Iglesias locales, teniendo en cuenta la legislaci\u00f3n nacional en sus respectivos pa\u00edses, han elaborado directrices y vigilado su cumplimiento con el objetivo de prevenir cualquier abuso adicional y atajarlo r\u00e1pidamente, de conformidad con la legislaci\u00f3n nacional\u201d.<\/div>\n<div>\u00a0<\/div>\n<div>El resultado de la acci\u00f3n combinada tomada por las Iglesias locales y por la Santa Sede, indic\u00f3 el Arzobispo, \u201cpresenta un marco que, si se aplica correctamente, contribuir\u00e1 a eliminar la incidencia del abuso sexual infantil por parte del clero y otro personal de la Iglesia\u201d.<\/div>\n<div>\u00a0<\/div>\n<div>El Nuncio ante la ONU explic\u00f3 luego que \u201cel Informe peri\u00f3dico de la Santa Sede ante el CRC se divide en cuatro partes: La primera trata de las consideraciones generales, incluyendo la naturaleza de la Santa Sede como sujeto de derecho internacional\u201d.<\/div>\n<div>\u00a0<\/div>\n<div>\u201cLa segunda responde a las observaciones finales del Comit\u00e9 al informe inicial de la Santa Sede, y , en particular, a las cuestiones relativas a las reservas; los cuatro principios del Comit\u00e9 y los deberes y derechos de los padres, la educaci\u00f3n de las ni\u00f1as, la educaci\u00f3n sobre la salud y la educaci\u00f3n en la CRC. La Santa Sede tambi\u00e9n discute los principios que promueve sobre los derechos y deberes del ni\u00f1o en el contexto de la familia\u201d.<\/div>\n<div>\u00a0<\/div>\n<div>La tercera parte, prosigui\u00f3, \u201cpresenta las contribuciones internacionales de la Santa Sede en el avance y la promoci\u00f3n de los principios b\u00e1sicos de la CRC relativos a una amplia gama de cuestiones relacionadas con los ni\u00f1os ( por ejemplo, familia, adopci\u00f3n, ni\u00f1os con discapacidades; salud y bienestar; ocio y cultura y medidas especiales para proteger a los ni\u00f1os, en particular las cuestiones relacionadas con el abuso sexual , la drogadicci\u00f3n, los ni\u00f1os que viven en las calles y los grupos minoritarios). Finalmente, la cuarta se refiere a la aplicaci\u00f3n de la Convenci\u00f3n en el Estado de la Ciudad del Vaticano\u201d.<\/div>\n<div>\u00a0<\/div>\n<div>\u201cNo hay excusa para cualquier forma de violencia o explotaci\u00f3n de los ni\u00f1os. Estos cr\u00edmenes no pueden justificarse nunca, ya sean cometidos en el hogar, en las escuelas, en la comunidad, en el ambiente de los deportes, o en las organizaciones y estructuras religiosas&#8230;. Esta es la pol\u00edtica de largo curso de la Santa Sede&#8230;Por este motivo, la Santa Sede, y las estructuras locales de la Iglesia en todas las partes del mundo, est\u00e1n comprometidas en la defensa de la inviolable dignidad de la persona entera de cada ni\u00f1o: cuerpo, mente y esp\u00edritu\u201d.<\/div>\n<div>\u00a0<\/div>\n<div>\u201cEl Papa Francisco ha emprendido una nueva acci\u00f3n anunciando la creaci\u00f3n de una Comisi\u00f3n para la Protecci\u00f3n de los menores de edad , con el objetivo de proponer nuevas iniciativas para el desarrollo de programas de ambiente seguro para los ni\u00f1os y mejorar los esfuerzos para la atenci\u00f3n pastoral a las v\u00edctimas de abuso en todo el mundo\u201d. (Fuente: ACI)<\/div>\n<div>\u00a0<\/div>\n<p><a href=\"http:\/\/web.hilo.org.pe\/wp-content\/uploads\/proteccion menores.jpg\" target=\"_blank\" rel=\"noopener\">Ver archivo adjunto<\/a><\/p>\n","protected":false},"excerpt":{"rendered":"<p>El Arzobispo Silvano Tomasi, Observador Permanente de la Santa Sede en la Oficina de Naciones Unidas en Ginebra, intervino hace unos d?as ante el Comit? sobre la Convenci?n de los Derechos de los Ni?os (CRC), y present? el informe peri?dico de la Santa Sede sobre este tema.<\/p>\n","protected":false},"author":1,"featured_media":7857,"comment_status":"closed","ping_status":"closed","sticky":false,"template":"","format":"standard","meta":{"footnotes":""},"categories":[9],"tags":[],"class_list":["post-1633","post","type-post","status-publish","format-standard","has-post-thumbnail","hentry","category-noticias"],"_links":{"self":[{"href":"https:\/\/ceas.org.pe\/index.php\/wp-json\/wp\/v2\/posts\/1633","targetHints":{"allow":["GET"]}}],"collection":[{"href":"https:\/\/ceas.org.pe\/index.php\/wp-json\/wp\/v2\/posts"}],"about":[{"href":"https:\/\/ceas.org.pe\/index.php\/wp-json\/wp\/v2\/types\/post"}],"author":[{"embeddable":true,"href":"https:\/\/ceas.org.pe\/index.php\/wp-json\/wp\/v2\/users\/1"}],"replies":[{"embeddable":true,"href":"https:\/\/ceas.org.pe\/index.php\/wp-json\/wp\/v2\/comments?post=1633"}],"version-history":[{"count":1,"href":"https:\/\/ceas.org.pe\/index.php\/wp-json\/wp\/v2\/posts\/1633\/revisions"}],"predecessor-version":[{"id":7584,"href":"https:\/\/ceas.org.pe\/index.php\/wp-json\/wp\/v2\/posts\/1633\/revisions\/7584"}],"wp:featuredmedia":[{"embeddable":true,"href":"https:\/\/ceas.org.pe\/index.php\/wp-json\/wp\/v2\/media\/7857"}],"wp:attachment":[{"href":"https:\/\/ceas.org.pe\/index.php\/wp-json\/wp\/v2\/media?parent=1633"}],"wp:term":[{"taxonomy":"category","embeddable":true,"href":"https:\/\/ceas.org.pe\/index.php\/wp-json\/wp\/v2\/categories?post=1633"},{"taxonomy":"post_tag","embeddable":true,"href":"https:\/\/ceas.org.pe\/index.php\/wp-json\/wp\/v2\/tags?post=1633"}],"curies":[{"name":"wp","href":"https:\/\/api.w.org\/{rel}","templated":true}]}}