{"id":1632,"date":"2014-01-22T09:33:13","date_gmt":"2014-01-22T09:33:13","guid":{"rendered":""},"modified":"2026-03-11T09:12:26","modified_gmt":"2026-03-11T14:12:26","slug":"apostolado-del-mar-reforzar-solidaridad-entre-naciones","status":"publish","type":"post","link":"https:\/\/ceas.org.pe\/index.php\/2014\/01\/22\/apostolado-del-mar-reforzar-solidaridad-entre-naciones\/","title":{"rendered":"Apostolado del Mar: reforzar solidaridad entre naciones"},"content":{"rendered":"<div>\n<div>En su intervenci\u00f3n el purpurado pidi\u00f3 tambi\u00e9n a los capellanes y a cuantos se ocupan de la asistencia de los marinos que estuvieran lo m\u00e1s posible al lado de aquellos que viven el drama de los secuestros en el mar y que mostrasen a sus familiares \u201cel rostro amoroso de la Iglesia\u201d y record\u00f3 que el beato Juan Pablo II hab\u00eda solicitado la promoci\u00f3n de un esp\u00edritu ecum\u00e9nico en el mundo mar\u00edtimo para fomentar la cooperaci\u00f3n y la coordinaci\u00f3n rec\u00edproca de los proyectos entre las conferencias episcopales y los ordinarios locales adecu\u00e1ndolas al escenario actual. Frente al fen\u00f3meno de la apertura de nuevas rutas comerciales y la fusi\u00f3n de empresas para obtener los m\u00e1ximos beneficios, el cardenal ha insistido en la necesidad de reforzar la solidaridad entre las naciones y en la divisi\u00f3n de recursos.<\/div>\n<div>\u00a0<\/div>\n<div>El Pontificio Consejo para la Pastoral de los Emigrantes e Itinerantes, para dirigir mejor la actividad del Apostolado del Mar ha dividido el mundo en nueve regiones: Am\u00e9rica del Norte y Caribe, Am\u00e9rica Latina, \u00c1frica Oc\u00e9ano Indico, \u00c1frica Occidental, Europa, Asia del Sur, Asia Oriental y del Sur, Estados \u00c1rabes del Golfo y Gibuti.<\/div>\n<div>\u00a0<\/div>\n<div>En el encuentro intervendr\u00e1n, entre otros, el presidente de la compa\u00f1\u00eda Vships -l\u00edder mundial en el \u00e1mbito de los servicios mar\u00edtimos que cubre el comercio, los cruceros, la energ\u00eda y la defensa-, que trazar\u00e1 el mapa de las tendencias y los problemas del sector en los pr\u00f3ximos a\u00f1os.\u00a0<\/div>\n<div>\u00a0<\/div>\n<div>Monse\u00f1or Giacomo Martino, consultor del dicasterio y John Green (Apostolado del Mar en Gran Breta\u00f1a) hablar\u00e1n de la crisis econ\u00f3mica actual y de c\u00f3mo el networking y la compartici\u00f3n de experiencias pastorales puedan contribuir a afrontarla.\u00a0<\/div>\n<div>\u00a0<\/div>\n<div>Monse\u00f1or Martino abordar\u00e1 tambi\u00e9n el tr\u00e1gico argumento de la esclavitud moderna que afecta a un n\u00famero creciente de pescadores oblig\u00e1ndoles al trabajo forzado en naves sin seguridad en las que se juegan la vida, de la trata de seres humanos y de la explotaci\u00f3n sexual.\u00a0<\/div>\n<div>\u00a0<\/div>\n<div>La abogado Deirdre Fiztpatrick, directora del Seafarers Right International (SRI), que se ocupa de la defensa de los marinos hablar\u00e1 de las numerosas violaciones de derechos a los que se ven sometidos. (Fuente VIS)<\/div>\n<\/div>\n<div>\u00a0<\/div>\n<p><a href=\"http:\/\/web.hilo.org.pe\/wp-content\/uploads\/pescadores.jpg\" target=\"_blank\" rel=\"noopener\">Ver archivo adjunto<\/a><\/p>\n","protected":false},"excerpt":{"rendered":"<p>?No podemos ignorar la situaci?n penosa que atraviesan muchos pescadores y sus familias&#8230;Y tambi?n nos acordamos de los marinos que son todav?a rehenes de los piratas y de sus familias que los esperan?. Con estas palabras el cardenal Antonio Maria Vegli?, Presidente del Pontificio Consejo para la Pastoral de los Emigrantes e Itinerantes inaugur? en Roma el Encuentro Anual de los Coordinadores del Apostolado del Mar que culmina el 24 de enero. Los participantes asistir?n a la audiencia general del Papa, ma?ana, 22 de enero.<\/p>\n","protected":false},"author":1,"featured_media":7864,"comment_status":"closed","ping_status":"closed","sticky":false,"template":"","format":"standard","meta":{"footnotes":""},"categories":[9],"tags":[],"class_list":["post-1632","post","type-post","status-publish","format-standard","has-post-thumbnail","hentry","category-noticias"],"_links":{"self":[{"href":"https:\/\/ceas.org.pe\/index.php\/wp-json\/wp\/v2\/posts\/1632","targetHints":{"allow":["GET"]}}],"collection":[{"href":"https:\/\/ceas.org.pe\/index.php\/wp-json\/wp\/v2\/posts"}],"about":[{"href":"https:\/\/ceas.org.pe\/index.php\/wp-json\/wp\/v2\/types\/post"}],"author":[{"embeddable":true,"href":"https:\/\/ceas.org.pe\/index.php\/wp-json\/wp\/v2\/users\/1"}],"replies":[{"embeddable":true,"href":"https:\/\/ceas.org.pe\/index.php\/wp-json\/wp\/v2\/comments?post=1632"}],"version-history":[{"count":1,"href":"https:\/\/ceas.org.pe\/index.php\/wp-json\/wp\/v2\/posts\/1632\/revisions"}],"predecessor-version":[{"id":7586,"href":"https:\/\/ceas.org.pe\/index.php\/wp-json\/wp\/v2\/posts\/1632\/revisions\/7586"}],"wp:featuredmedia":[{"embeddable":true,"href":"https:\/\/ceas.org.pe\/index.php\/wp-json\/wp\/v2\/media\/7864"}],"wp:attachment":[{"href":"https:\/\/ceas.org.pe\/index.php\/wp-json\/wp\/v2\/media?parent=1632"}],"wp:term":[{"taxonomy":"category","embeddable":true,"href":"https:\/\/ceas.org.pe\/index.php\/wp-json\/wp\/v2\/categories?post=1632"},{"taxonomy":"post_tag","embeddable":true,"href":"https:\/\/ceas.org.pe\/index.php\/wp-json\/wp\/v2\/tags?post=1632"}],"curies":[{"name":"wp","href":"https:\/\/api.w.org\/{rel}","templated":true}]}}