{"id":1629,"date":"2014-01-20T09:35:31","date_gmt":"2014-01-20T09:35:31","guid":{"rendered":""},"modified":"2026-03-11T09:12:26","modified_gmt":"2026-03-11T14:12:26","slug":"jornada-mundial-del-emigrante-y-del-refugiado","status":"publish","type":"post","link":"https:\/\/ceas.org.pe\/index.php\/2014\/01\/20\/jornada-mundial-del-emigrante-y-del-refugiado\/","title":{"rendered":"Jornada Mundial del Emigrante y del Refugiado"},"content":{"rendered":"<div>\u00a0<\/div>\n<div>Como cada domingo, el papa Francisco rez\u00f3 la oraci\u00f3n del \u00e1ngelus desde la ventana de su estudio en el Palacio Apost\u00f3lico, ante una multitud que le atend\u00eda en la plaza de san Pedro.<\/div>\n<div>Dirigi\u00e9ndose a los fieles y peregrinos venidos de todo el mundo, que le acogieron con un largo y caluroso aplauso, el pont\u00edfice argentino les dijo:<\/div>\n<div>\u00a0<\/div>\n<div>Queridos hermanos y hermanas,<\/div>\n<div>\u00a0<\/div>\n<div>Queridos amigos, est\u00e1is cerca del coraz\u00f3n de la Iglesia, porque la Iglesia es un pueblo en camino hacia el Reino de Dios, que Cristo Jes\u00fas ha tra\u00eddo en medio nuestro. \u00a1No perd\u00e1is la esperanza de un mundo mejor! Os deseo que viv\u00e1is \u00a0en paz en los pa\u00edses que os acogen, custodiando los valores de vuestras culturas de origen.<\/div>\n<div>\u00a0<\/div>\n<div>Quisiera agradecer a aquellos que trabajan con los migrantes para acogerles y acompa\u00f1arles en sus momentos dif\u00edciles, para defenderles de aquellos que el beato Scalabrini defin\u00eda como los mercaderes de carne humana, que quieren esclavizar a los migrantes. De manera particular deseo agradecer a la Congregaci\u00f3n de los Misioneros de San Carlos, los padres y las monjas Scalabrinianos, que tanto bien hacen a la Iglesia y se hacen \u00a0migrantes con los migrantes.<\/div>\n<div>\u00a0<\/div>\n<div>En este momento pensemos en tantos migrantes&#8230; tantos\u2026 y en los refugiados, en sus sufrimientos, en su vida, tantas veces sin trabajo, sin documentos, con tanto dolor. Y podemos, todos juntos, dirigir una oraci\u00f3n por los migrantes y los refugiados que viven en las situaciones m\u00e1s graves y m\u00e1s dif\u00edciles: Dios te salve Mar\u00eda&#8230;<\/div>\n<div>\u00a0<\/div>\n<div>\u00a0<\/div>\n<div>\u00a0<\/div>\n<div>Fuente: Zenit<\/div>\n<div>\u00a0<\/div>\n<p><a href=\"http:\/\/web.hilo.org.pe\/wp-content\/uploads\/papa en roma.jpg\" target=\"_blank\" rel=\"noopener\">Ver archivo adjunto<\/a><\/p>\n","protected":false},"excerpt":{"rendered":"<p>Ayer celebramos la Jornada Mundial del Emigrante y del Refugiado, con el tema: Los migrantes y los refugiados: hacia un mundo mejor. Y en Roma. ante una plaza repleta, Francisco denuncia a los mercaderes de carne humana, que quieren esclavizar a los migrantes. Y explica que la misi?n de Jes?s es liberar al mundo del pecado.<\/p>\n","protected":false},"author":1,"featured_media":7928,"comment_status":"closed","ping_status":"closed","sticky":false,"template":"","format":"standard","meta":{"footnotes":""},"categories":[9],"tags":[],"class_list":["post-1629","post","type-post","status-publish","format-standard","has-post-thumbnail","hentry","category-noticias"],"_links":{"self":[{"href":"https:\/\/ceas.org.pe\/index.php\/wp-json\/wp\/v2\/posts\/1629","targetHints":{"allow":["GET"]}}],"collection":[{"href":"https:\/\/ceas.org.pe\/index.php\/wp-json\/wp\/v2\/posts"}],"about":[{"href":"https:\/\/ceas.org.pe\/index.php\/wp-json\/wp\/v2\/types\/post"}],"author":[{"embeddable":true,"href":"https:\/\/ceas.org.pe\/index.php\/wp-json\/wp\/v2\/users\/1"}],"replies":[{"embeddable":true,"href":"https:\/\/ceas.org.pe\/index.php\/wp-json\/wp\/v2\/comments?post=1629"}],"version-history":[{"count":1,"href":"https:\/\/ceas.org.pe\/index.php\/wp-json\/wp\/v2\/posts\/1629\/revisions"}],"predecessor-version":[{"id":7589,"href":"https:\/\/ceas.org.pe\/index.php\/wp-json\/wp\/v2\/posts\/1629\/revisions\/7589"}],"wp:featuredmedia":[{"embeddable":true,"href":"https:\/\/ceas.org.pe\/index.php\/wp-json\/wp\/v2\/media\/7928"}],"wp:attachment":[{"href":"https:\/\/ceas.org.pe\/index.php\/wp-json\/wp\/v2\/media?parent=1629"}],"wp:term":[{"taxonomy":"category","embeddable":true,"href":"https:\/\/ceas.org.pe\/index.php\/wp-json\/wp\/v2\/categories?post=1629"},{"taxonomy":"post_tag","embeddable":true,"href":"https:\/\/ceas.org.pe\/index.php\/wp-json\/wp\/v2\/tags?post=1629"}],"curies":[{"name":"wp","href":"https:\/\/api.w.org\/{rel}","templated":true}]}}