{"id":1624,"date":"2014-01-16T09:53:09","date_gmt":"2014-01-16T09:53:09","guid":{"rendered":""},"modified":"2026-03-11T09:12:26","modified_gmt":"2026-03-11T14:12:26","slug":"el-papa-renueva-la-comision-cardenalicia-del-ior","status":"publish","type":"post","link":"https:\/\/ceas.org.pe\/index.php\/2014\/01\/16\/el-papa-renueva-la-comision-cardenalicia-del-ior\/","title":{"rendered":"El Papa renueva la Comisi\u00f3n Cardenalicia del IOR"},"content":{"rendered":"<div>A partir de ahora, la Comisi\u00f3n estar\u00e1 formada por los cardenales Christoph Sch\u00f6nborn, arzobispo de Wien; Thomas Christopher Collins, arzobispo Toronto; Jean-Louis Tauran, presidente del Pontificio Consejo para el Di\u00e1logo Interreligioso; Santos Abril y Castell\u00f3, arcipreste de la Bas\u00edlica papal de Santa Mar\u00eda Mayor; y monse\u00f1or Pietro Parol\u00edn, secretario de Estado.<\/div>\n<div>\u00a0<\/div>\n<div>Tal y como ha se\u00f1alado hoy el portavoz del Vaticano, el padre Federico Lombardi no se ha indicado quien es el presidente, que podr\u00eda ser elegido \u00abpor la misma Comisi\u00f3n en los pr\u00f3ximos d\u00edas\u00bb.<\/div>\n<div>\u00a0<\/div>\n<div>La Comisi\u00f3n precedente, que fue renovada por Benedicto XVI el 16 febrero de 2013 para un quinquenio, estaba formada por los cardenales Tarcisio Bertone, el entonces secretario de Estado del Vaticano; Jean-Louis Tauran, presidente del Pontificio Consejo para el Di\u00e1logo Interreligioso; \u00a0Odilo P. Scherer, arzobispo de San Pablo, Brasil; \u00a0Telesphore P. Toppo, arzobispo de Ranchi, India; y Domenico Calcagno, presidente del Apsa.<\/div>\n<div>\u00a0<\/div>\n<div>Dicha Comisi\u00f3n Cardenalicia se re\u00fane al menos dos veces al a\u00f1o para examinar las cuentas sometidas a revisi\u00f3n externa seg\u00fan los principios contables internacionales (IAS). Tal y como se puede leer en la p\u00e1gina web del Instituto (www.ior.va), \u00e9sta examina adem\u00e1s los informes sobre los principales procesos de negocios y la estrategia presentada por el Presidente del Consejo de Superintendencia. Finalmente, vigila tambi\u00e9n la fidelidad a las disposiciones de los estatutos y nombramientos de los miembros del Consejo de Superintendencia.<\/div>\n<p><a href=\"http:\/\/web.hilo.org.pe\/wp-content\/uploads\/vaticano.jpg\" target=\"_blank\" rel=\"noopener\">Ver archivo adjunto<\/a><\/p>\n","protected":false},"excerpt":{"rendered":"<p>El Santo Padre ha renovado, para el pr?ximo quinquenio, la Comisi?n Cardenalicia de vigilancia del Instituto para las Obras de Religi?n, m?s conocido como IOR; entidad que tiene como funci?n examinar las cuentas del Vaticano, sometidas a revisi?n externa.<\/p>\n","protected":false},"author":1,"featured_media":0,"comment_status":"closed","ping_status":"closed","sticky":false,"template":"","format":"standard","meta":{"footnotes":""},"categories":[9],"tags":[],"class_list":["post-1624","post","type-post","status-publish","format-standard","hentry","category-noticias"],"_links":{"self":[{"href":"https:\/\/ceas.org.pe\/index.php\/wp-json\/wp\/v2\/posts\/1624","targetHints":{"allow":["GET"]}}],"collection":[{"href":"https:\/\/ceas.org.pe\/index.php\/wp-json\/wp\/v2\/posts"}],"about":[{"href":"https:\/\/ceas.org.pe\/index.php\/wp-json\/wp\/v2\/types\/post"}],"author":[{"embeddable":true,"href":"https:\/\/ceas.org.pe\/index.php\/wp-json\/wp\/v2\/users\/1"}],"replies":[{"embeddable":true,"href":"https:\/\/ceas.org.pe\/index.php\/wp-json\/wp\/v2\/comments?post=1624"}],"version-history":[{"count":1,"href":"https:\/\/ceas.org.pe\/index.php\/wp-json\/wp\/v2\/posts\/1624\/revisions"}],"predecessor-version":[{"id":7594,"href":"https:\/\/ceas.org.pe\/index.php\/wp-json\/wp\/v2\/posts\/1624\/revisions\/7594"}],"wp:attachment":[{"href":"https:\/\/ceas.org.pe\/index.php\/wp-json\/wp\/v2\/media?parent=1624"}],"wp:term":[{"taxonomy":"category","embeddable":true,"href":"https:\/\/ceas.org.pe\/index.php\/wp-json\/wp\/v2\/categories?post=1624"},{"taxonomy":"post_tag","embeddable":true,"href":"https:\/\/ceas.org.pe\/index.php\/wp-json\/wp\/v2\/tags?post=1624"}],"curies":[{"name":"wp","href":"https:\/\/api.w.org\/{rel}","templated":true}]}}