{"id":1621,"date":"2014-01-15T09:51:40","date_gmt":"2014-01-15T09:51:40","guid":{"rendered":""},"modified":"2026-03-11T09:12:26","modified_gmt":"2026-03-11T14:12:26","slug":"catequistas-del-pero-para-la-nueva-evangelizacion","status":"publish","type":"post","link":"https:\/\/ceas.org.pe\/index.php\/2014\/01\/15\/catequistas-del-pero-para-la-nueva-evangelizacion\/","title":{"rendered":"Catequistas del Per\u00f3 para la Nueva Evangelizaci\u00f3n"},"content":{"rendered":"<div>En este encuentro podr\u00e1n participar agentes pastorales, animadores b\u00edblicos y lit\u00fargicos, l\u00edderes parroquiales, movimientos apost\u00f3licos y docentes de religi\u00f3n de todo el pa\u00eds.\u00a0<\/div>\n<div>\u00a0<\/div>\n<div>La Semana de Formaci\u00f3n plantea la reflexi\u00f3n sobre la misi\u00f3n del catequista, en el contexto del S\u00ednodo de la Nueva Evangelizaci\u00f3n.\u00a0<\/div>\n<div>\u00a0<\/div>\n<div>Para mayores informes e inscripciones, pueden dirigirse a la Comisi\u00f3n Episcopal de Misi\u00f3n y Espiritualidad, sito en Jir\u00f3n Estados Unidos 838 \u2013 Jes\u00fas Mar\u00eda. Tel\u00e9fono: 463-1010 anexo 251. Tambi\u00e9n pueden escribir al correo electr\u00f3nico: mortiz@iglesiacatolica.org.pe<\/div>\n<p><a href=\"http:\/\/web.hilo.org.pe\/wp-content\/uploads\/20140115_semana.jpg\" target=\"_blank\" rel=\"noopener\">Ver archivo adjunto<\/a><\/p>\n","protected":false},"excerpt":{"rendered":"<p>La Comisi?n Episcopal de Misi?n y Espiritualidad de la Conferencia Episcopal Peruana prepara para febrero la Semana de Formaci?n para Catequistas 2014. ?Catequistas para la Nueva Evangelizaci?n?, ser? el tema de este evento formativo que se realizar? del 3 al 7 de febrero de 2014 en el coliseo del Colegio Claretiano, en San Miguel.<\/p>\n","protected":false},"author":1,"featured_media":7925,"comment_status":"closed","ping_status":"closed","sticky":false,"template":"","format":"standard","meta":{"footnotes":""},"categories":[9],"tags":[],"class_list":["post-1621","post","type-post","status-publish","format-standard","has-post-thumbnail","hentry","category-noticias"],"_links":{"self":[{"href":"https:\/\/ceas.org.pe\/index.php\/wp-json\/wp\/v2\/posts\/1621","targetHints":{"allow":["GET"]}}],"collection":[{"href":"https:\/\/ceas.org.pe\/index.php\/wp-json\/wp\/v2\/posts"}],"about":[{"href":"https:\/\/ceas.org.pe\/index.php\/wp-json\/wp\/v2\/types\/post"}],"author":[{"embeddable":true,"href":"https:\/\/ceas.org.pe\/index.php\/wp-json\/wp\/v2\/users\/1"}],"replies":[{"embeddable":true,"href":"https:\/\/ceas.org.pe\/index.php\/wp-json\/wp\/v2\/comments?post=1621"}],"version-history":[{"count":1,"href":"https:\/\/ceas.org.pe\/index.php\/wp-json\/wp\/v2\/posts\/1621\/revisions"}],"predecessor-version":[{"id":7597,"href":"https:\/\/ceas.org.pe\/index.php\/wp-json\/wp\/v2\/posts\/1621\/revisions\/7597"}],"wp:featuredmedia":[{"embeddable":true,"href":"https:\/\/ceas.org.pe\/index.php\/wp-json\/wp\/v2\/media\/7925"}],"wp:attachment":[{"href":"https:\/\/ceas.org.pe\/index.php\/wp-json\/wp\/v2\/media?parent=1621"}],"wp:term":[{"taxonomy":"category","embeddable":true,"href":"https:\/\/ceas.org.pe\/index.php\/wp-json\/wp\/v2\/categories?post=1621"},{"taxonomy":"post_tag","embeddable":true,"href":"https:\/\/ceas.org.pe\/index.php\/wp-json\/wp\/v2\/tags?post=1621"}],"curies":[{"name":"wp","href":"https:\/\/api.w.org\/{rel}","templated":true}]}}