{"id":1617,"date":"2014-01-13T10:35:46","date_gmt":"2014-01-13T10:35:46","guid":{"rendered":""},"modified":"2026-03-11T09:12:26","modified_gmt":"2026-03-11T14:12:26","slug":"convocan-a-sonodo-arquidiocesano-en-lima","status":"publish","type":"post","link":"https:\/\/ceas.org.pe\/index.php\/2014\/01\/13\/convocan-a-sonodo-arquidiocesano-en-lima\/","title":{"rendered":"Convocan a S\u00f3nodo Arquidiocesano en Lima"},"content":{"rendered":"<div>El purpurado afirm\u00f3 que este S\u00ednodo Arquidiocesano lo convoca motivado por la petici\u00f3n del Papa a la Iglesia de \u00abque se organice de tal manera que podamos ir al encuentro de la gente en su trabajo, en sus problemas y en sus familias\u201d.<\/div>\n<div>\u00a0<\/div>\n<div>Asimismo asegur\u00f3 que \u201cesto me ha llevado a meditarlo, consultarlo y darlo a conocer. Empezar\u00e1 toda una propuesta y una organizaci\u00f3n. Pero desde ya les pido oraciones para que el s\u00ednodo tenga muchos frutos, para que la Iglesia sea m\u00e1s cercana y realmente responda a las necesidades de la gente\u201d.<\/div>\n<div>\u00a0<\/div>\n<div>Por otro lado, el cardenal reflexion\u00f3 sobre el bautismo, en el marco de la Fiesta del Bautismo del Se\u00f1or, que se celebra hoy 12 de enero. \u00a0\u201cPor el bautismo me incorporo al amor de Dios, al pensamiento de Dios, a la alegr\u00eda de Dios. La fe es un embarcarse porque creo que Dios no me enga\u00f1a y nunca me abandona. Esa fe me lleva a grandes desaf\u00edos\u201d, explic\u00f3 el arzobispo de Lima.<\/div>\n<div>\u00a0<\/div>\n<div>Por este motivo, exhort\u00f3 \u00aba los padres de familia a no retrasar los bautizos de sus hijos y a los sacerdotes les pidi\u00f3 mayor disponibilidad y facilidades para la celebraci\u00f3n de este sacramento de iniciaci\u00f3n cristiana\u00bb.<\/div>\n<div>\u00a0<\/div>\n<div>\u201cSacerdotes, faciliten esas charlas y esos horarios de atenci\u00f3n, no la hagan larga, abran las puertas de las parroquias para recibir a los pap\u00e1s y padrinos. Hay que abrir las puertas del cielo a esas criaturas. Padres, no sean flojos, hagan un peque\u00f1o espacio. Bauticen a sus hijos peque\u00f1os y sean los garantes de la educaci\u00f3n en la fe de sus hijos\u201d, anim\u00f3 el purpurado.<\/div>\n<div>Del mismo modo quiso recordar que \u201cla mam\u00e1 no le pregunta a la criatura de un mes si quiere mamar o no, ella sabe que tiene que alimentarse. La mam\u00e1 asume una responsabilidad porque quiere a esa criatura. Por qu\u00e9 privarla de ese regalo, el gran tesoro de ser hijos de Dios, apoyado en la fe de los padres y los padrinos\u201d.<\/div>\n<div>\u00a0<\/div>\n<div>En otro momento se refiri\u00f3 a la fraternidad humana a la cual estamos llamados desde que Dios mand\u00f3 a su hijo para redimirnos y amarnos.\u201cHay que darnos cuenta que el vivir como hermanos en una familia, en una empresa, en un pa\u00eds, supone apoyarse en ese sacrificio que es respetar la honra, la opini\u00f3n y el modo de ser del otro\u201d, a\u00f1adi\u00f3.<\/div>\n<div>\u00a0<\/div>\n<p><a href=\"http:\/\/web.hilo.org.pe\/wp-content\/uploads\/logo arzobispado lima.jpg\" target=\"_blank\" rel=\"noopener\">Ver archivo adjunto<\/a><\/p>\n","protected":false},"excerpt":{"rendered":"<p>(Zenit) El cardenal Juan Luis Cipriani, arzobispo de Lima, anunci? en el programa Di?logo de Fe del s?bado 11 de enero, que ha convocado a un S?nodo Arquidiocesano en la capital peruana que permitir? \u00abanalizar el trabajo de la Iglesia local y proponer una orientaci?n y un camino a seguir para los pr?ximos a?os\u00bb.<\/p>\n","protected":false},"author":1,"featured_media":0,"comment_status":"closed","ping_status":"closed","sticky":false,"template":"","format":"standard","meta":{"footnotes":""},"categories":[9],"tags":[],"class_list":["post-1617","post","type-post","status-publish","format-standard","hentry","category-noticias"],"_links":{"self":[{"href":"https:\/\/ceas.org.pe\/index.php\/wp-json\/wp\/v2\/posts\/1617","targetHints":{"allow":["GET"]}}],"collection":[{"href":"https:\/\/ceas.org.pe\/index.php\/wp-json\/wp\/v2\/posts"}],"about":[{"href":"https:\/\/ceas.org.pe\/index.php\/wp-json\/wp\/v2\/types\/post"}],"author":[{"embeddable":true,"href":"https:\/\/ceas.org.pe\/index.php\/wp-json\/wp\/v2\/users\/1"}],"replies":[{"embeddable":true,"href":"https:\/\/ceas.org.pe\/index.php\/wp-json\/wp\/v2\/comments?post=1617"}],"version-history":[{"count":1,"href":"https:\/\/ceas.org.pe\/index.php\/wp-json\/wp\/v2\/posts\/1617\/revisions"}],"predecessor-version":[{"id":7601,"href":"https:\/\/ceas.org.pe\/index.php\/wp-json\/wp\/v2\/posts\/1617\/revisions\/7601"}],"wp:attachment":[{"href":"https:\/\/ceas.org.pe\/index.php\/wp-json\/wp\/v2\/media?parent=1617"}],"wp:term":[{"taxonomy":"category","embeddable":true,"href":"https:\/\/ceas.org.pe\/index.php\/wp-json\/wp\/v2\/categories?post=1617"},{"taxonomy":"post_tag","embeddable":true,"href":"https:\/\/ceas.org.pe\/index.php\/wp-json\/wp\/v2\/tags?post=1617"}],"curies":[{"name":"wp","href":"https:\/\/api.w.org\/{rel}","templated":true}]}}