{"id":1616,"date":"2014-01-13T10:23:12","date_gmt":"2014-01-13T10:23:12","guid":{"rendered":""},"modified":"2026-03-11T09:12:26","modified_gmt":"2026-03-11T14:12:26","slug":"semana-de-oracion-por-la-unidad-de-los-cristianos","status":"publish","type":"post","link":"https:\/\/ceas.org.pe\/index.php\/2014\/01\/13\/semana-de-oracion-por-la-unidad-de-los-cristianos\/","title":{"rendered":"Semana de Oraci\u00f3n por la Unidad de los Cristianos"},"content":{"rendered":"<p class=\"Estilo30\" align=\"justify\">Durante estos d\u00edas, los fieles se unir\u00e1n en oraci\u00f3n para pedir a Dios  por el Don de la unidad y por la paz. El evento se iniciar\u00e1 con un acto  ecum\u00e9nico, en el Parque Wiracocha, en Jes\u00fas Mar\u00eda, el viernes 17, a las  7:00 p.m. La celebraci\u00f3n central se realizar\u00e1 con una Jornada de Oraci\u00f3n  por la Unidad de los Cristianos, el s\u00e1bado 25 de enero, en el auditorio  del Concilio Evang\u00e9lico del Per\u00fa, en Pueblo Libre.<\/p>\n<p>La Semana de Oraci\u00f3n por la Unidad de los Cristianos, naci\u00f3 a  principios del siglo XX, con un \u201cOctavario de oraci\u00f3n por la unidad de  la Iglesia\u201d. Por el lado de la Iglesia Cat\u00f3lica, existe el Pontificio  Consejo para la Unidad de los Cristianos, que es un organismo de la  Santa Sede, que ve los temas de asuntos ecum\u00e9nicos. (Fuente: CEP)\u00a0<\/p>\n<p class=\"Estilo30\" align=\"justify\">\u00a0<\/p>\n<p><a href=\"http:\/\/web.hilo.org.pe\/wp-content\/uploads\/afiche unidad de los cristianos.jpg\" target=\"_blank\" rel=\"noopener\">Ver archivo adjunto<\/a><\/p>\n","protected":false},"excerpt":{"rendered":"<p>Del 17 al 25 de enero, se llevar? a cabo en Lima, la celebraci?n de la Semana de Oraci?n por la Unidad de los Cristianos, evento que es promovido por la Comisi?n Episcopal de Misi?n y Espiritualidad, de la Conferencia Episcopal Peruana, junto a otras confesiones cristianas.<\/p>\n","protected":false},"author":1,"featured_media":7881,"comment_status":"closed","ping_status":"closed","sticky":false,"template":"","format":"standard","meta":{"footnotes":""},"categories":[9],"tags":[],"class_list":["post-1616","post","type-post","status-publish","format-standard","has-post-thumbnail","hentry","category-noticias"],"_links":{"self":[{"href":"https:\/\/ceas.org.pe\/index.php\/wp-json\/wp\/v2\/posts\/1616","targetHints":{"allow":["GET"]}}],"collection":[{"href":"https:\/\/ceas.org.pe\/index.php\/wp-json\/wp\/v2\/posts"}],"about":[{"href":"https:\/\/ceas.org.pe\/index.php\/wp-json\/wp\/v2\/types\/post"}],"author":[{"embeddable":true,"href":"https:\/\/ceas.org.pe\/index.php\/wp-json\/wp\/v2\/users\/1"}],"replies":[{"embeddable":true,"href":"https:\/\/ceas.org.pe\/index.php\/wp-json\/wp\/v2\/comments?post=1616"}],"version-history":[{"count":1,"href":"https:\/\/ceas.org.pe\/index.php\/wp-json\/wp\/v2\/posts\/1616\/revisions"}],"predecessor-version":[{"id":7602,"href":"https:\/\/ceas.org.pe\/index.php\/wp-json\/wp\/v2\/posts\/1616\/revisions\/7602"}],"wp:featuredmedia":[{"embeddable":true,"href":"https:\/\/ceas.org.pe\/index.php\/wp-json\/wp\/v2\/media\/7881"}],"wp:attachment":[{"href":"https:\/\/ceas.org.pe\/index.php\/wp-json\/wp\/v2\/media?parent=1616"}],"wp:term":[{"taxonomy":"category","embeddable":true,"href":"https:\/\/ceas.org.pe\/index.php\/wp-json\/wp\/v2\/categories?post=1616"},{"taxonomy":"post_tag","embeddable":true,"href":"https:\/\/ceas.org.pe\/index.php\/wp-json\/wp\/v2\/tags?post=1616"}],"curies":[{"name":"wp","href":"https:\/\/api.w.org\/{rel}","templated":true}]}}