{"id":1607,"date":"2014-01-08T09:02:09","date_gmt":"2014-01-08T09:02:09","guid":{"rendered":""},"modified":"2026-03-11T09:12:26","modified_gmt":"2026-03-11T14:12:26","slug":"estados-unidos-los-obispos-convocan-la-semana-nacional-de-la-migracion","status":"publish","type":"post","link":"https:\/\/ceas.org.pe\/index.php\/2014\/01\/08\/estados-unidos-los-obispos-convocan-la-semana-nacional-de-la-migracion\/","title":{"rendered":"Estados Unidos: los obispos convocan la Semana Nacional de la Migraci\u00f3n"},"content":{"rendered":"<div>La finalidad es crear conciencia sobre la situaci\u00f3n de diversas categor\u00edas: los ni\u00f1os migrantes que son la parte m\u00e1s vulnerable de la migraci\u00f3n; los inmigrantes indocumentados que \u201cviven en la sombra\u201d; los refugiados y en particular los que est\u00e1n en campos; y el tr\u00e1fico de seres humanos y la esclavitud.<\/div>\n<div>\u00a0<\/div>\n<div>En su convocatoria los obispos indican: \u00abEs nuestro llamado como Iglesia es traer la luz de Cristo a estas personas, alejar la oscuridad, y ayudar a llevarlos desde el margen de la sociedad a su centro. Realizando \u00e9sto se les brindar\u00e1 a los migrantes vulnerables espacios protegidos donde pueden renacer como seres humanos\u201d.<\/div>\n<div>\u00a0<\/div>\n<div>Y recuerdan que \u00abDios es luz y nosotros, los cristianos, estamos llamados a reflejar esa luz en el mundo. Esto implica la invitaci\u00f3n a otros a la comuni\u00f3n con la Iglesia, a hablar contra la injusticia y dar ejemplo con nuestra vida en Cristo\u201d.<\/div>\n<div>\u00a0<\/div>\n<div>\u00abEn cuanto al mensaje del Evangelio \u2013prosigue la convocatoria de la USCCB- nos advierte del peligro del acaparamiento de los bienes de la tierra para nuestro propio placer, y se nos llam\u00f3 a vender todo lo que tenemos y dar limosna, alimentar al pobre, visitar a los presos, dar de beber al sediento y recibir al extranjero. El extranjero puede venir en diversas formas, y en nuestro medio viene en forma de migrante\u00bb. \u00a0<\/div>\n<div>\u00a0<\/div>\n<div>En la invitaci\u00f3n a la cumbre, hay tambi\u00e9n una oraci\u00f3n que trascribimos a continuaci\u00f3n<\/div>\n<div>\u00a0<\/div>\n<div><strong>Oraci\u00f3n por los inmigrantes<\/strong><\/div>\n<div>\u00a0<\/div>\n<div>Padre de amor y misericordia,<\/div>\n<div>\u00a0<\/div>\n<div>prove\u00edste a tu pueblo Israel en su \u00e9xodo de la esclavitud<\/div>\n<div>\u00a0<\/div>\n<div>la tierra prometida que estableciste para ellos,<\/div>\n<div>\u00a0<\/div>\n<div>y en Jesucristo provees un acogedor refugio para todos los necesitados.<\/div>\n<div>\u00a0<\/div>\n<div>Te pedimos tu protecci\u00f3n divina para todos los migrantes que han abandonado sus casas en busca de nuevas oportunidades en otro pa\u00eds.<\/div>\n<div>\u00a0<\/div>\n<div>Por los refugiados, que se ven obligados a partir de sus casas por las amenazas de violencia,<\/div>\n<div>\u00a0<\/div>\n<div>te imploramos que les proporciones un refugio seguro.<\/div>\n<div>\u00a0<\/div>\n<div>Por los migrantes v\u00edctimas del tr\u00e1fico de esclavos, conc\u00e9deles el rescate, la sanaci\u00f3n y la fuerza para empezar de nuevo.<\/div>\n<div>\u00a0<\/div>\n<div>Para los inmigrantes, que a menudo dejan atr\u00e1s a sus amigos y familia,<\/div>\n<div>\u00a0<\/div>\n<div>conc\u00e9deles una vida mejor y m\u00e1s oportunidades en otros lugares.<\/div>\n<div>\u00a0<\/div>\n<div>Te rogamos en especial por tu protecci\u00f3n sobre los ni\u00f1os migrantes que son vulnerables a la explotaci\u00f3n y al abuso en manos de otros.<\/div>\n<div>\u00a0<\/div>\n<div>Te imploramos que otorgues a todos los migrantes tu protecci\u00f3n<\/div>\n<div>\u00a0<\/div>\n<div>y los gu\u00edes hacia un lugar seguro.<\/div>\n<div>\u00a0<\/div>\n<div>Acompa\u00f1a a todos los que necesiten tu poder salvador.<\/div>\n<div>\u00a0<\/div>\n<div>Por nuestro Se\u00f1or Jesucristo, tu Hijo, que vive y reina contigo en la unidad del<\/div>\n<div>\u00a0<\/div>\n<div>Esp\u00edritu Santo,<\/div>\n<div>\u00a0<\/div>\n<div>Dios, por los siglos de los siglos.<\/div>\n<div>\u00a0<\/div>\n<div>Am\u00e9n.\u00a0<\/div>\n<div>\u00a0<\/div>\n<div>(RED\/HSM)<\/div>\n<div>\u00a0<\/div>\n<p><a href=\"http:\/\/web.hilo.org.pe\/wp-content\/uploads\/migrantes.jpg\" target=\"_blank\" rel=\"noopener\">Ver archivo adjunto<\/a><\/p>\n","protected":false},"excerpt":{"rendered":"<p>La Semana Nacional de la Migraci?n, convocada por la Conferencia de Obispos Cat?licos de los Estados Unidos (USCCB), se realizar? del 5 al 11 de enero con el lema \u00abOut of the Darkness?, Fuera de la Oscuridad.<\/p>\n","protected":false},"author":1,"featured_media":7888,"comment_status":"closed","ping_status":"closed","sticky":false,"template":"","format":"standard","meta":{"footnotes":""},"categories":[9],"tags":[],"class_list":["post-1607","post","type-post","status-publish","format-standard","has-post-thumbnail","hentry","category-noticias"],"_links":{"self":[{"href":"https:\/\/ceas.org.pe\/index.php\/wp-json\/wp\/v2\/posts\/1607","targetHints":{"allow":["GET"]}}],"collection":[{"href":"https:\/\/ceas.org.pe\/index.php\/wp-json\/wp\/v2\/posts"}],"about":[{"href":"https:\/\/ceas.org.pe\/index.php\/wp-json\/wp\/v2\/types\/post"}],"author":[{"embeddable":true,"href":"https:\/\/ceas.org.pe\/index.php\/wp-json\/wp\/v2\/users\/1"}],"replies":[{"embeddable":true,"href":"https:\/\/ceas.org.pe\/index.php\/wp-json\/wp\/v2\/comments?post=1607"}],"version-history":[{"count":1,"href":"https:\/\/ceas.org.pe\/index.php\/wp-json\/wp\/v2\/posts\/1607\/revisions"}],"predecessor-version":[{"id":7611,"href":"https:\/\/ceas.org.pe\/index.php\/wp-json\/wp\/v2\/posts\/1607\/revisions\/7611"}],"wp:featuredmedia":[{"embeddable":true,"href":"https:\/\/ceas.org.pe\/index.php\/wp-json\/wp\/v2\/media\/7888"}],"wp:attachment":[{"href":"https:\/\/ceas.org.pe\/index.php\/wp-json\/wp\/v2\/media?parent=1607"}],"wp:term":[{"taxonomy":"category","embeddable":true,"href":"https:\/\/ceas.org.pe\/index.php\/wp-json\/wp\/v2\/categories?post=1607"},{"taxonomy":"post_tag","embeddable":true,"href":"https:\/\/ceas.org.pe\/index.php\/wp-json\/wp\/v2\/tags?post=1607"}],"curies":[{"name":"wp","href":"https:\/\/api.w.org\/{rel}","templated":true}]}}