{"id":1604,"date":"2014-01-07T08:33:01","date_gmt":"2014-01-07T08:33:01","guid":{"rendered":""},"modified":"2026-03-11T09:12:26","modified_gmt":"2026-03-11T14:12:26","slug":"pero-campaoa-mundial-ouna-sola-familia-humana-alimentos-para-todoso","status":"publish","type":"post","link":"https:\/\/ceas.org.pe\/index.php\/2014\/01\/07\/pero-campaoa-mundial-ouna-sola-familia-humana-alimentos-para-todoso\/","title":{"rendered":"Per\u00f3: Campa\u00f3a Mundial \u00f3Una sola familia humana, alimentos para todos\u00f3"},"content":{"rendered":"<div>Esta Campa\u00f1a ser\u00e1 liderada por el Papa Francisco \u00a0y \u00a0busca sensibilizar a la sociedad sobre el problema del hambre que afecta a m\u00e1s de 842 millones de personas en todo el mundo y comprometer a todos los gobiernos, instituciones y personas en terminar con el hambre y la pobreza para el a\u00f1o 2025.<\/div>\n<div>\u00a0<\/div>\n<div>El Secretario General de C\u00e1ritas del Per\u00fa, Jorge Lafosse explic\u00f3 que \u201cUna familia humana, alimentos para todos\u201d ofrece una oportunidad \u00fanica para que nuestras voces se unan como una sola y trabajemos juntos para acabar con el esc\u00e1ndalo que es el hambre en el mundo.\u00a0<\/div>\n<div>La Campa\u00f1a pone \u00e9nfasis en la transformaci\u00f3n personal, el servicio, la solidaridad y el compartir fraterno.<\/div>\n<div>\u00a0<\/div>\n<div>Cabe se\u00f1alar que, seg\u00fan el Instituto Nacional de Estad\u00edstica e Inform\u00e1tica \u2013 INEI, aproximadamente el 6% de la poblaci\u00f3n peruana se encuentra en situaci\u00f3n de pobreza extrema, es decir m\u00e1s de 1.8 millones de personas, mientras que el 18.1% de los ni\u00f1os menores de 5 a\u00f1os sufren de desnutrici\u00f3n cr\u00f3nica a nivel nacional, es decir 1 de cada 5 ni\u00f1os sufre de desnutrici\u00f3n. Estas cifras son alarmantes y nos invitan a hacer algo concreto para acabar con el hambre en el mundo y en nuestro pa\u00eds.<\/div>\n<div>\u00a0<\/div>\n<div>Los invitamos a unirse a esta Campa\u00f1a Mundial que se prolongar\u00e1 durante todo el a\u00f1o 2014 donde C\u00e1ritas del Per\u00fa desarrollar\u00e1 una serie de actividades para sensibilizar a la sociedad en general sobre este problema<\/div>\n<div>\u00a0<\/div>\n<div><a href=\"http:\/\/www.caritas.org.pe\/campana_hambre\/index.html\">Ver secci\u00f3n especial de C\u00e1ritas<\/a><\/div>\n<p><a href=\"http:\/\/web.hilo.org.pe\/wp-content\/uploads\/1 banner_campana.jpg\" target=\"_blank\" rel=\"noopener\">Ver archivo adjunto<\/a><\/p>\n","protected":false},"excerpt":{"rendered":"<p>C?ritas del Per?  junto a  todas las C?ritas de la Confederaci?n Caritas Internationalis, que re?ne a 164 organizaciones en m?s de 200 pa?ses, lanzar? este martes 10 de diciembre la Campa?a Mundial ?Una sola familia humana, alimentos para todos?.<\/p>\n","protected":false},"author":1,"featured_media":7893,"comment_status":"closed","ping_status":"closed","sticky":false,"template":"","format":"standard","meta":{"footnotes":""},"categories":[9],"tags":[],"class_list":["post-1604","post","type-post","status-publish","format-standard","has-post-thumbnail","hentry","category-noticias"],"_links":{"self":[{"href":"https:\/\/ceas.org.pe\/index.php\/wp-json\/wp\/v2\/posts\/1604","targetHints":{"allow":["GET"]}}],"collection":[{"href":"https:\/\/ceas.org.pe\/index.php\/wp-json\/wp\/v2\/posts"}],"about":[{"href":"https:\/\/ceas.org.pe\/index.php\/wp-json\/wp\/v2\/types\/post"}],"author":[{"embeddable":true,"href":"https:\/\/ceas.org.pe\/index.php\/wp-json\/wp\/v2\/users\/1"}],"replies":[{"embeddable":true,"href":"https:\/\/ceas.org.pe\/index.php\/wp-json\/wp\/v2\/comments?post=1604"}],"version-history":[{"count":1,"href":"https:\/\/ceas.org.pe\/index.php\/wp-json\/wp\/v2\/posts\/1604\/revisions"}],"predecessor-version":[{"id":7614,"href":"https:\/\/ceas.org.pe\/index.php\/wp-json\/wp\/v2\/posts\/1604\/revisions\/7614"}],"wp:featuredmedia":[{"embeddable":true,"href":"https:\/\/ceas.org.pe\/index.php\/wp-json\/wp\/v2\/media\/7893"}],"wp:attachment":[{"href":"https:\/\/ceas.org.pe\/index.php\/wp-json\/wp\/v2\/media?parent=1604"}],"wp:term":[{"taxonomy":"category","embeddable":true,"href":"https:\/\/ceas.org.pe\/index.php\/wp-json\/wp\/v2\/categories?post=1604"},{"taxonomy":"post_tag","embeddable":true,"href":"https:\/\/ceas.org.pe\/index.php\/wp-json\/wp\/v2\/tags?post=1604"}],"curies":[{"name":"wp","href":"https:\/\/api.w.org\/{rel}","templated":true}]}}