{"id":1602,"date":"2013-12-18T14:26:55","date_gmt":"2013-12-18T14:26:55","guid":{"rendered":""},"modified":"2026-03-11T09:12:26","modified_gmt":"2026-03-11T14:12:26","slug":"olos-otros-actores-de-madre-de-dioso","status":"publish","type":"post","link":"https:\/\/ceas.org.pe\/index.php\/2013\/12\/18\/olos-otros-actores-de-madre-de-dioso\/","title":{"rendered":"\u00f3LOS  OTROS ACTORES DE MADRE DE DIOS\u00f3"},"content":{"rendered":"<p>\u00a0<span style=\"text-align: justify;\">En el marco del proyecto \u201cUso de los Recursos Naturales y Mitigaci\u00f3n de Conflictos en Territorios Ind\u00edgenas de Madre de Dios\u201d el d\u00eda 04 de Diciembre del 2013, se realiz\u00f3 la presentaci\u00f3n p\u00fablica \u201cLos<\/span><span style=\"text-align: justify;\">\u00a0 <\/span><span style=\"text-align: justify;\">otros actores de Madre de Dios\u201d.<\/span><span style=\"text-align: justify;\">\u00a0 <\/span><span style=\"text-align: justify;\">Esta actividad tuvo como objetivo; Visibilizar<\/span><span style=\"text-align: justify;\">\u00a0 <\/span><span style=\"text-align: justify;\">a la regi\u00f3n MDD;<\/span><span style=\"text-align: justify;\">\u00a0 <\/span><span style=\"text-align: justify;\">que<\/span><span style=\"text-align: justify;\">\u00a0 <\/span><span style=\"text-align: justify;\">cuenta con mucha diversidad en su<\/span><span style=\"text-align: justify;\">\u00a0 <\/span><span style=\"text-align: justify;\">poblaci\u00f3n y en sus recursos naturales.<\/span><span style=\"text-align: justify;\">\u00a0 <\/span><span style=\"text-align: justify;\">En la actividad se cont\u00f3 con la participaci\u00f3n de representantes del Ministerio de ambiente, representantes de la PCM\/asesor del alto Comisionado para la miner\u00eda Ilegal<\/span><span style=\"text-align: justify;\">\u00a0 <\/span><span style=\"text-align: justify;\">as\u00ed como tambi\u00e9n con representantes de diversas instituciones.<\/span><\/p>\n<p class=\"MsoNormal\" style=\"margin-bottom: 0.0001pt; text-align: justify;\"><o:p><\/o:p><\/p>\n<p class=\"MsoNormal\" style=\"margin-bottom: 0.0001pt; text-align: justify;\">En la presentaci\u00f3n se expuso los 5\u00a0 desaf\u00edos\u00a0\u00a0 de \u00a0La\u00a0 Agenda de Trabajo para la\u00a0 gesti\u00f3n sostenible de Recursos Naturales; la cual \u00a0nace oficialmente en el desarrollo de un INTERCAMBIO DE EXPERIENCIA entre comunidades nativas, agricultores y mineros en peque\u00f1a escala de oro de la provincia Tambopata (Madre de Dios) en octubre de 2012.\u00a0 <o:p><\/o:p><\/p>\n<p class=\"MsoNormal\" style=\"margin-bottom: 0.0001pt; text-align: justify;\"><o:p><\/p>\n<p><\/o:p><b>DESAF\u00cdOS\u00a0 IDENTIFICADOS<o:p><\/o:p><\/b><\/p>\n<p class=\"MsoNormal\" style=\"margin-bottom: 0.0001pt; text-align: justify;\">1.\u00a0\u00a0 CONFLICTO DERECHO DE USO DEL SUELO<o:p><\/o:p><\/p>\n<p class=\"MsoNormal\" style=\"margin-bottom: 0.0001pt; text-align: justify;\">2.\u00a0\u00a0 IMPACTOS AMBIENTALES<o:p><\/o:p><\/p>\n<p class=\"MsoNormal\" style=\"margin-bottom: 0.0001pt; text-align: justify;\">3.\u00a0\u00a0 SENSIBILIZACI\u00d3N, CAPACITACI\u00d3N Y ACCESO A LA INFORMACI\u00d3N<o:p><\/o:p><\/p>\n<p class=\"MsoNormal\" style=\"margin-bottom: 0.0001pt; text-align: justify;\">4.\u00a0\u00a0 SEGURIDAD ALIMENTARIA<o:p><\/o:p><\/p>\n<p class=\"MsoNormal\" style=\"margin-bottom: 0.0001pt; text-align: justify;\">5.\u00a0\u00a0 IMPACTOS SOCIALES Y ECONOMICOS.\u00a0 <o:p><\/o:p><\/p>\n<p class=\"MsoNormal\" style=\"margin-bottom: 0.0001pt; text-align: justify;\"><o:p>\u00a0<\/o:p><\/p>\n<p class=\"MsoNormal\" style=\"margin-bottom: 0.0001pt; text-align: justify;\">Las presentaciones estuvieron a cargo de Sra. Ruth Tije de la Comunidad Nativa Arazaire; Y Representante de Comunidades Nativa; el Sr. German Fern\u00e1ndez de la Asociaci\u00f3n de Predios Nueva Arequipa Y Representante de Agricultores y el Sr. Daniel Delgado Jara; Representante de Asociaci\u00f3n Fortuna Milagritos\/Base Laberinto.<o:p><\/o:p><\/p>\n<p class=\"MsoNormal\" style=\"margin-bottom: 0.0001pt; text-align: justify;\">Las Palabras de Bienvenida estuvo a cargo del Antrop\u00f3logo\u00a0 V\u00edctor Hugo Pachas\u00a0 Catholic Relief\u00a0 Services-CRS; \u00a0y \u00a0las Conclusiones a cargo del Economista\u00a0 Humberto Ortiz \u00a0Comisi\u00f3n Episcopal de Acci\u00f3n Social-CEAS. \u00a0\u00a0\u00a0As\u00ed mismo hubo una introducci\u00f3n a cargo del H\u00e9ctor Sueyo \u00a0Yombuyo de las Comunidad N<a name=\"_GoBack\"><\/a>ativa de\u00a0 Boca Inambari; quien nos conmovi\u00f3 con el siguiente mensaje:<o:p><\/o:p><\/p>\n<p class=\"MsoNormal\" style=\"margin-bottom: 0.0001pt; text-align: justify;\"><o:p>\u00a0<\/o:p><\/p>\n<p class=\"MsoNormal\" align=\"center\" style=\"margin-bottom: 0.0001pt; text-align: center;\"><i>\u00bfQui\u00e9nes somos? \u00bfQu\u00e9 queremos con esta presentaci\u00f3n?<o:p><\/o:p><\/i><\/p>\n<p class=\"MsoNormal\" align=\"center\" style=\"margin-bottom: 0.0001pt; text-align: center;\"><i>\u201cLos\u00a0 otros actores de Madre de Dios\u201d<o:p><\/o:p><\/i><\/p>\n<p class=\"MsoNormal\" align=\"center\" style=\"margin-bottom: 0.0001pt; text-align: center;\"><i>H\u00e9ctor Sueyo Yombuyo<o:p><\/o:p><\/i><\/p>\n<p class=\"MsoNormal\" align=\"center\" style=\"margin-bottom: 0.0001pt; text-align: center;\"><i>CC.NN Boca Inambari<o:p><\/o:p><\/i><\/p>\n<p class=\"MsoNormal\" style=\"margin-bottom: 0.0001pt; text-align: justify;\"><i>\u00a0<\/i><\/p>\n<p class=\"MsoNormal\" style=\"margin-bottom: 0.0001pt; text-align: justify;\"><i>Somos \u00a0hombres y mujeres que vivimos en Madre\u00a0 de Dios y que \u00a0no somos \u00a0visibilizados ni tomados en cuenta, somos \u00a0los que a diario; nos enfrentamos a diferentes desaf\u00edos como solo ser identificados\u00a0 como\u00a0 destructores de\u00a0 la\u00a0 biodiversidad.\u00a0 <o:p><\/o:p><\/i><\/p>\n<p class=\"MsoNormal\" style=\"margin-bottom: 0.0001pt; text-align: justify;\"><i>Somos\u00a0 actores\u00a0 parte de artesanales, Madre de Dios que a diario trabajamos en diferentes econom\u00edas para llevar adelante a la familia.\u00a0 Somos agricultores,\u00a0 \u00a0comunidades nativas y mineros; Madre de Dios\u00a0 somos\u00a0 todos. \u00a0<o:p><\/o:p><\/i><\/p>\n<p class=\"MsoNormal\" style=\"margin-bottom: 0.0001pt; text-align: justify;\"><i>Y estamos pidiendo ser\u00a0 reconocidos y tomados en cuenta \u00a0por la sociedad civil, por el estado.\u00a0\u00a0\u00a0 Este reconocimiento implica la situaci\u00f3n jur\u00eddica,\u00a0 apoyo al \u00a0desarrollo sostenible y participar\u00a0 en la toma de decisiones.<o:p><\/o:p><\/i><\/p>\n<p class=\"MsoNormal\" style=\"margin-bottom: 0.0001pt; text-align: justify;\"><i>Por muchos a\u00f1os hemos sido testigos de la forma como se ha ido destruyendo nuestra selva, hoy en d\u00eda conscientes de esta situaci\u00f3n, queremos\u00a0 cambiar\u00a0 el rostro a nuestra regi\u00f3n, este solo es un primer paso, sabemos que el camino es largo, y los retos son muchos; desde el cambio actitudinal hasta corregir\u00a0 pr\u00e1cticas nocivas que atentan contra el medio ambiente y por consiguiente contra el propio ser humano.<o:p><\/o:p><\/i><\/p>\n<p class=\"MsoNormal\" style=\"margin-bottom: 0.0001pt; text-align: justify;\">\u00a0<\/p>\n<p class=\"MsoNormal\" style=\"margin-bottom: 0.0001pt;\"><i>Diciembre 2013<br \/>\nPrograma Cuidado de los Bienes de la Creaci\u00f3n<br \/>\n<o:p><\/o:p><\/i><i>CEAS<o:p><\/o:p><\/i><\/p>\n<p><a href=\"http:\/\/web.hilo.org.pe\/wp-content\/uploads\/OTROS ACTORES.jpg\" target=\"_blank\" rel=\"noopener\">Ver archivo adjunto<\/a><\/p>\n","protected":false},"excerpt":{"rendered":"<p>En el marco del proyecto ?Uso de los Recursos Naturales y Mitigaci?n de Conflictos en Territorios Ind?genas de Madre de Dios? el d?a 04 de Diciembre del 2013, se realiz? la presentaci?n p?blica ?Los  otros actores de Madre de Dios?.  Esta actividad tuvo como objetivo; Visibilizar  a la regi?n MDD;  que  cuenta con mucha diversidad en su  poblaci?n y en sus recursos naturales.  En la actividad se cont? con la participaci?n de representantes del Ministerio de ambiente, representantes de la PCM\/asesor del alto Comisionado para la miner?a Ilegal  as? como tambi?n con representantes de diversas instituciones.<\/p>\n","protected":false},"author":1,"featured_media":7916,"comment_status":"closed","ping_status":"closed","sticky":false,"template":"","format":"standard","meta":{"footnotes":""},"categories":[9],"tags":[],"class_list":["post-1602","post","type-post","status-publish","format-standard","has-post-thumbnail","hentry","category-noticias"],"_links":{"self":[{"href":"https:\/\/ceas.org.pe\/index.php\/wp-json\/wp\/v2\/posts\/1602","targetHints":{"allow":["GET"]}}],"collection":[{"href":"https:\/\/ceas.org.pe\/index.php\/wp-json\/wp\/v2\/posts"}],"about":[{"href":"https:\/\/ceas.org.pe\/index.php\/wp-json\/wp\/v2\/types\/post"}],"author":[{"embeddable":true,"href":"https:\/\/ceas.org.pe\/index.php\/wp-json\/wp\/v2\/users\/1"}],"replies":[{"embeddable":true,"href":"https:\/\/ceas.org.pe\/index.php\/wp-json\/wp\/v2\/comments?post=1602"}],"version-history":[{"count":1,"href":"https:\/\/ceas.org.pe\/index.php\/wp-json\/wp\/v2\/posts\/1602\/revisions"}],"predecessor-version":[{"id":7616,"href":"https:\/\/ceas.org.pe\/index.php\/wp-json\/wp\/v2\/posts\/1602\/revisions\/7616"}],"wp:featuredmedia":[{"embeddable":true,"href":"https:\/\/ceas.org.pe\/index.php\/wp-json\/wp\/v2\/media\/7916"}],"wp:attachment":[{"href":"https:\/\/ceas.org.pe\/index.php\/wp-json\/wp\/v2\/media?parent=1602"}],"wp:term":[{"taxonomy":"category","embeddable":true,"href":"https:\/\/ceas.org.pe\/index.php\/wp-json\/wp\/v2\/categories?post=1602"},{"taxonomy":"post_tag","embeddable":true,"href":"https:\/\/ceas.org.pe\/index.php\/wp-json\/wp\/v2\/tags?post=1602"}],"curies":[{"name":"wp","href":"https:\/\/api.w.org\/{rel}","templated":true}]}}