{"id":1600,"date":"2013-12-18T14:26:19","date_gmt":"2013-12-18T14:26:19","guid":{"rendered":""},"modified":"2026-03-11T09:12:26","modified_gmt":"2026-03-11T14:12:26","slug":"monitores-ambientales-comunales-en-espinar-cusco","status":"publish","type":"post","link":"https:\/\/ceas.org.pe\/index.php\/2013\/12\/18\/monitores-ambientales-comunales-en-espinar-cusco\/","title":{"rendered":"MONITORES AMBIENTALES COMUNALES EN ESPINAR, CUSCO"},"content":{"rendered":"<p>\u00a0<span style=\"text-align: justify;\">La Asociaci\u00f3n Civil sin fines de Lucro <\/span><b style=\"text-align: justify;\">Derechos Humanos sin Fronteras <\/b><span style=\"text-align: justify;\">viene formando monitores ambientales en comunidades campesinas de la microcuenca del r\u00edo Ca\u00f1ip\u00eda, ubicado en el distrito de Espinar, de la provincia de Espinar, regi\u00f3n Cusco.<\/span><\/p>\n<p class=\"MsoNormal\" style=\"text-align:justify\"><span lang=\"ES-TRAD\">Esta iniciativa forma parte del proyecto denominado \u201c<\/span>Promoviendo una gesti\u00f3n integral de los recursos h\u00eddricos con equidad, participaci\u00f3n y base cient\u00edfica para un desarrollo sostenible en dos cuencas del Per\u00fa\u201d <span lang=\"ES-TRAD\">que se implementa en las regiones de Ancash y Cusco con el apoyo de CAFOD de Inglaterra (Official Catholic aid agency for England).<o:p><\/o:p><\/span><\/p>\n<p class=\"MsoNormal\" style=\"text-align:justify\"><span lang=\"ES-TRAD\">La microcuenca Ca\u00f1ip\u00eda se encuentra en la margen izquierda del r\u00edo Salado, cuyas aguas atraviesan la ciudad de Espinar; y comprende alrededor de diez comunidades campesinas que se dedican a la actividad pecuaria, fundamentalmente a la crianza de ganado vacuno. El proyecto minero Antapaccay se desarrolla en esta microcuenca.<o:p><\/o:p><\/span><\/p>\n<p class=\"MsoNormal\" style=\"text-align:justify\"><span lang=\"ES-TRAD\">La formaci\u00f3n de monitores ambientales por parte de \u201cDerechos Humanos sin Fronteras\u201d comprende el uso de kits de monitoreo de la calidad f\u00edsica y qu\u00edmica de las aguas, elaboraci\u00f3n de un plan de monitoreo y capacitaci\u00f3n para la interpretaci\u00f3n y difusi\u00f3n de los resultados. <\/span><span lang=\"ES-AR\"><o:p><\/o:p><\/span><\/p>\n<p class=\"MsoNormal\" style=\"text-align:justify\"><span lang=\"ES-AR\">Los kits de monitoreo (<\/span>LaMotte Alabama, Water Quality Monitorin) permiten medir el pH, temperatura, turbidez, ox\u00edgeno disuelto, alcalinidad total y dureza total de las aguas. <span lang=\"ES-TRAD\">El aprendizaje sobre el uso de los equipos est\u00e1 permitiendo a los comuneros hacer un an\u00e1lisis de c\u00f3mo se encuentra el agua de sus r\u00edos, y se espera motivar a la poblaci\u00f3n para el cuidado de sus recursos h\u00eddricos<\/span><span lang=\"ES-TRAD\"> <\/span><span lang=\"ES-AR\">a trav\u00e9s de<\/span><span lang=\"ES-TRAD\"> un monitoreo ambiental planificado. <\/span><span lang=\"ES-AR\"><o:p><\/o:p><\/span><\/p>\n<p class=\"MsoNormal\" style=\"text-align:justify\"><span lang=\"ES-NI\">El proceso de formaci\u00f3n se viene realizando a trav\u00e9s de una alianza estrat\u00e9gica inter institucional entre Derechos Humanos Sin Fronteras y la ONGD <\/span>Suma Marka de Puno que brinda<span lang=\"ES-NI\"> asistencia t\u00e9cnica en el desarrollo de <\/span>las metodolog\u00edas de monitoreo en campo del Programa Internacional Global Water Watch (GWW).<o:p><\/o:p><\/p>\n<p class=\"MsoNormal\" style=\"text-align:justify\">A la fecha se viene capacitando a pobladores de las comunidades campesinas <span lang=\"ES-NI\">Calacala, <\/span>Huisa, Suero y Cama,<span lang=\"ES-NI\"> San Martin, <\/span>Alto Huarca, Antacollana, Huisa Collana, as\u00ed como a estudiantes de la facultad de medicina veterinaria de la Universidad Nacional San Antonio de Abad del Cusco \u2013Filial provincia de Espinar.<\/p>\n<p><!--[if !supportLineBreakNewLine]--><br \/>\n<!--[endif]--><o:p><\/o:p><\/p>\n<p class=\"MsoNormal\">Diciembre, 2013<br \/>\nPrograma Cuidado de los Bienes de la Creaci\u00f3n<br \/>\nCEAS<o:p><\/o:p><\/p>\n<p><a href=\"http:\/\/web.hilo.org.pe\/wp-content\/uploads\/FOTO MONITORES.jpg\" target=\"_blank\" rel=\"noopener\">Ver archivo adjunto<\/a><\/p>\n","protected":false},"excerpt":{"rendered":"<p>La Asociaci?n Civil sin fines de Lucro Derechos Humanos sin Fronteras viene formando monitores ambientales en comunidades campesinas de la microcuenca del r?o Ca?ip?a, ubicado en el distrito de Espinar, de la provincia de Espinar, regi?n Cusco.<\/p>\n","protected":false},"author":1,"featured_media":7915,"comment_status":"closed","ping_status":"closed","sticky":false,"template":"","format":"standard","meta":{"footnotes":""},"categories":[9],"tags":[],"class_list":["post-1600","post","type-post","status-publish","format-standard","has-post-thumbnail","hentry","category-noticias"],"_links":{"self":[{"href":"https:\/\/ceas.org.pe\/index.php\/wp-json\/wp\/v2\/posts\/1600","targetHints":{"allow":["GET"]}}],"collection":[{"href":"https:\/\/ceas.org.pe\/index.php\/wp-json\/wp\/v2\/posts"}],"about":[{"href":"https:\/\/ceas.org.pe\/index.php\/wp-json\/wp\/v2\/types\/post"}],"author":[{"embeddable":true,"href":"https:\/\/ceas.org.pe\/index.php\/wp-json\/wp\/v2\/users\/1"}],"replies":[{"embeddable":true,"href":"https:\/\/ceas.org.pe\/index.php\/wp-json\/wp\/v2\/comments?post=1600"}],"version-history":[{"count":1,"href":"https:\/\/ceas.org.pe\/index.php\/wp-json\/wp\/v2\/posts\/1600\/revisions"}],"predecessor-version":[{"id":7618,"href":"https:\/\/ceas.org.pe\/index.php\/wp-json\/wp\/v2\/posts\/1600\/revisions\/7618"}],"wp:featuredmedia":[{"embeddable":true,"href":"https:\/\/ceas.org.pe\/index.php\/wp-json\/wp\/v2\/media\/7915"}],"wp:attachment":[{"href":"https:\/\/ceas.org.pe\/index.php\/wp-json\/wp\/v2\/media?parent=1600"}],"wp:term":[{"taxonomy":"category","embeddable":true,"href":"https:\/\/ceas.org.pe\/index.php\/wp-json\/wp\/v2\/categories?post=1600"},{"taxonomy":"post_tag","embeddable":true,"href":"https:\/\/ceas.org.pe\/index.php\/wp-json\/wp\/v2\/tags?post=1600"}],"curies":[{"name":"wp","href":"https:\/\/api.w.org\/{rel}","templated":true}]}}