{"id":1596,"date":"2013-12-13T09:01:47","date_gmt":"2013-12-13T09:01:47","guid":{"rendered":""},"modified":"2026-03-11T09:12:26","modified_gmt":"2026-03-11T14:12:26","slug":"monseoor-parolon-debemos-demostrar-que-la-paz-es-posible-no-una-utopoa","status":"publish","type":"post","link":"https:\/\/ceas.org.pe\/index.php\/2013\/12\/13\/monseoor-parolon-debemos-demostrar-que-la-paz-es-posible-no-una-utopoa\/","title":{"rendered":"Monse\u00f3or Parol\u00f3n: debemos demostrar que la paz es posible, no una utop\u00f3a"},"content":{"rendered":"<p>Asimismo, monse\u00f1or Parol\u00edn ha retomado las palabras que el santo padre pronunci\u00f3 el 22 de marzo en su primera audiencia con el cuerpo diplom\u00e1tico: \u00abesto es precisamente lo que preocupa a la Santa Sede: el bien de todo hombre en esta tierra\u00bb. A lo que el secretario de Estado ha a\u00f1adido que \u00abno podemos permanecer indiferentes ante el sufrimiento que afecta dram\u00e1ticamente a los seres humanos\u00bb.<\/p>\n<p>Tambi\u00e9n ha querido destacar que \u00abnosotros debemos demostrar que la paz es posible, no es una utop\u00eda\u00bb, subrayando que \u00abla paz es un bien concreto que viene de Dios y que nosotros podemos ayudar a construirla gracias a nuestro compromiso personal y solidario\u00bb. Para ello, ha explicado, \u00abes necesario trabajar juntos en la construcci\u00f3n de una verdadera cultura de la paz, respondiendo con valent\u00eda a los desaf\u00edos que ponen en peligro una coexistencia aut\u00e9ntica entre las personas y los pueblos\u00bb. Por lo tanto, monse\u00f1or Parol\u00edn ha precisado que la felicidad es \u00abuna de las aspiraciones m\u00e1s profundas del hombre\u00bb. Y se ha preguntado si la misi\u00f3n de los diplom\u00e1ticos no es precisamente trabajar para hacer el mundo m\u00e1s feliz a trav\u00e9s de relaciones cada vez m\u00e1s fraternas.<\/p>\n<p>\u00abComo ha explicado varias veces el papa Francisco &#8211; ha afirmado monse\u00f1or Parol\u00edn &#8211; cada ser humano es creado para la alegr\u00eda\u00bb. Y \u00e9sta se encuentra tambi\u00e9n en los progresos \u00abhacia la paz y hacia la concordia entre los pueblos. Es la alegr\u00eda del encuentro y del compartir, del di\u00e1logo y de la reconciliaci\u00f3n\u00bb, ha indicado.<\/p>\n<p>Por otro lado, ha hablado de la humanidad, para \u00abque sea una verdadera familia, una humanidad donde el di\u00e1logo est\u00e9 por encima de la guerra al regular las controversias, una humanidad donde la fuerza de los poderosos apoye la debilidad de los m\u00e1s peque\u00f1os, una humanidad donde la fuerza de los d\u00e9biles remedie a la debilidad de los fuertes\u00bb.<\/p>\n<p>Ha proseguido afirmando que \u00absabemos cu\u00e1nto los hombres y las mujeres de hoy en d\u00eda necesitan encontrar en su camino personas profundamente humanas y fraternas que les den esperanza para el futuro\u00bb. Al respecto ha recordado que el papa Francisco quiere que los cristianos sean estas personas profundamente humanas y fraternas y quiere que la Iglesia anuncie, testimonie y lleve la alegr\u00eda.<\/p>\n<p>Para concluir el discurso al cuerpo diplom\u00e1tico, monse\u00f1or Parol\u00edn ha indicado que el papa Francisco \u00abquiere una Iglesia con las puertas abiertas, s\u00edmbolo de luz, de amistad, de alegr\u00eda, de libertad y confianza\u00bb. Quiere &#8211; ha proseguido &#8211; \u00abuna Iglesia menos preocupada por reforzar sus fronteras, y m\u00e1s por crear el encuentro y comunicar la alegr\u00eda del Evangelio\u00bb.<\/p>\n<p>Al acercarse las Navidad, el secretario ha deseado a los embajadores paz y alegr\u00eda para que sus pueblos \u00abpuedan avanzar hacia un futuro mejor\u00bb. <strong>(Fuente: Zenit.org)<\/strong><br \/>\n\u00a0<\/p>\n<p><a href=\"http:\/\/web.hilo.org.pe\/wp-content\/uploads\/monsenior-PIetro-Parolin.jpg\" target=\"_blank\" rel=\"noopener\">Ver archivo adjunto<\/a><\/p>\n","protected":false},"excerpt":{"rendered":"<p>El nuevo secretario de Estado, monse?or Pietro Parol?n, se ha reunido esta ma?ana con el cuerpo diplom?tico acreditado ante la Santa Sede. Durante su discurso ha querido renovar el deseo de cooperar en la b?squeda de la paz y el respeto a la dignidad de cada ser humano \u00aben una ?poca en la que en muchas partes del mundo se enfrentan a m?ltiples formas de violencia y a la persistencia de las desigualdades sociales\u00bb.<\/p>\n","protected":false},"author":1,"featured_media":7882,"comment_status":"closed","ping_status":"closed","sticky":false,"template":"","format":"standard","meta":{"footnotes":""},"categories":[9],"tags":[],"class_list":["post-1596","post","type-post","status-publish","format-standard","has-post-thumbnail","hentry","category-noticias"],"_links":{"self":[{"href":"https:\/\/ceas.org.pe\/index.php\/wp-json\/wp\/v2\/posts\/1596","targetHints":{"allow":["GET"]}}],"collection":[{"href":"https:\/\/ceas.org.pe\/index.php\/wp-json\/wp\/v2\/posts"}],"about":[{"href":"https:\/\/ceas.org.pe\/index.php\/wp-json\/wp\/v2\/types\/post"}],"author":[{"embeddable":true,"href":"https:\/\/ceas.org.pe\/index.php\/wp-json\/wp\/v2\/users\/1"}],"replies":[{"embeddable":true,"href":"https:\/\/ceas.org.pe\/index.php\/wp-json\/wp\/v2\/comments?post=1596"}],"version-history":[{"count":1,"href":"https:\/\/ceas.org.pe\/index.php\/wp-json\/wp\/v2\/posts\/1596\/revisions"}],"predecessor-version":[{"id":7622,"href":"https:\/\/ceas.org.pe\/index.php\/wp-json\/wp\/v2\/posts\/1596\/revisions\/7622"}],"wp:featuredmedia":[{"embeddable":true,"href":"https:\/\/ceas.org.pe\/index.php\/wp-json\/wp\/v2\/media\/7882"}],"wp:attachment":[{"href":"https:\/\/ceas.org.pe\/index.php\/wp-json\/wp\/v2\/media?parent=1596"}],"wp:term":[{"taxonomy":"category","embeddable":true,"href":"https:\/\/ceas.org.pe\/index.php\/wp-json\/wp\/v2\/categories?post=1596"},{"taxonomy":"post_tag","embeddable":true,"href":"https:\/\/ceas.org.pe\/index.php\/wp-json\/wp\/v2\/tags?post=1596"}],"curies":[{"name":"wp","href":"https:\/\/api.w.org\/{rel}","templated":true}]}}