{"id":1593,"date":"2013-12-12T12:16:37","date_gmt":"2013-12-12T12:16:37","guid":{"rendered":""},"modified":"2026-03-11T09:12:26","modified_gmt":"2026-03-11T14:12:26","slug":"el-papa-francisco-como-cualquier-padre-dios-desciende-para-hablar-con-sus-hijos","status":"publish","type":"post","link":"https:\/\/ceas.org.pe\/index.php\/2013\/12\/12\/el-papa-francisco-como-cualquier-padre-dios-desciende-para-hablar-con-sus-hijos\/","title":{"rendered":"El Papa Francisco: Como cualquier padre, Dios desciende para hablar con sus hijos"},"content":{"rendered":"<p class=\"MsoNormal\" style=\"margin-bottom: 0.0001pt; text-align: justify;\"><o:p><\/o:p><\/p>\n<p class=\"MsoNormal\" style=\"margin-bottom: 0.0001pt; text-align: justify;\">A dos semanas de Nochebuena, el Papa Francisco ha vuelto a hablar de la ternura de Dios en su homil\u00eda en Casa Santa Marta. El Papa compar\u00f3 a Dios con unos padres que se ponen al mismo nivel de un hijo peque\u00f1o para hablarle y cuidarle.\u00a0<o:p><\/o:p><\/p>\n<p class=\"MsoNormal\" style=\"margin-bottom: 0.0001pt; text-align: justify;\"><o:p>\u00a0<\/o:p><\/p>\n<p class=\"MsoNormal\" style=\"margin-bottom: 0.0001pt; text-align: justify;\">Francisco<o:p><\/o:p><\/p>\n<p class=\"MsoNormal\" style=\"margin-bottom: 0.0001pt; text-align: justify;\"><i>\u201cEs as\u00ed: si pap\u00e1 y mam\u00e1 hablaran como siempre, el ni\u00f1o les entender\u00eda igual, pero ellos quieren usar la forma de hablar del ni\u00f1o. Se acercan, se hacen ni\u00f1os. Y as\u00ed es el Se\u00f1or\u201d.<\/i><o:p><\/o:p><\/p>\n<p class=\"MsoNormal\" style=\"margin-bottom: 0.0001pt; text-align: justify;\">Francisco concluy\u00f3 que los cristianos deben esforzarse por escuchar esta ternura de Dios, y tambi\u00e9n dijo c\u00f3mo conseguirlo en Navidades: guardando silencio.<o:p><\/o:p><\/p>\n<p class=\"MsoNormal\" style=\"margin-bottom: 0.0001pt;\">\u00a0<\/p>\n<p class=\"MsoNormal\" style=\"margin-bottom: 0.0001pt;\">EXTRACTO DE LA HOMIL\u00cdA DEL PAPA<o:p><\/o:p><\/p>\n<p class=\"MsoNormal\" style=\"margin-bottom: 0.0001pt;\">Fuente: Radio Vaticana<o:p><\/o:p><\/p>\n<p class=\"MsoNormal\" style=\"margin-bottom: 0.0001pt;\"><o:p>\u00a0<\/o:p><i>\u201cCuando un ni\u00f1o tiene una pesadilla, se despierta, llorando&#8230; el pap\u00e1 va y le dice no tengas miedo, no tengas miedo, Yo estoy aqu\u00ed, aqu\u00ed. As\u00ed habla el Se\u00f1or. \u201cNo tengas miedo, gusano de Jacob, larva de Israel\u201d. El Se\u00f1or tiene esta forma de hablar: se acerca &#8230; Cuando miramos a un padre o a una madre que habla con su hijo, vemos que \u00e9stos se vuelven peque\u00f1os y hablan con la voz de un ni\u00f1o y hacen gestos de ni\u00f1os. Alguien que los ve desde el exterior puede pensar, \u00a1pero estos son rid\u00edculos! Se empeque\u00f1ecen, all\u00ed mismo, \u00bfno? Porque el amor de la mam\u00e1 y del pap\u00e1 tiene que acercarse, uso esta palabra: empeque\u00f1ecerse precisamente para alcanzar el mundo del ni\u00f1o. S\u00ed: si mam\u00e1 y pap\u00e1 le hablan normalmente, el ni\u00f1o igualmente entender\u00e1, pero ellos quieren adoptar la forma de hablar del ni\u00f1o. Se acercan, se hacen ni\u00f1os. As\u00ed tambi\u00e9n es el Se\u00f1or\u201d.<\/i><o:p><\/o:p><\/p>\n<p class=\"MsoNormal\" style=\"margin-bottom: 0.0001pt; text-align: justify;\"><o:p>\u00a0<\/o:p><i>\u00abY entonces, el pap\u00e1 y la mam\u00e1 tambi\u00e9n dicen cosas un poco rid\u00edculas al ni\u00f1o: \u201c\u00a1Mi amor, mi juguete &#8230;\u201d , y todas esas cosas. El Se\u00f1or dice: \u201cGusanito de Jacob\u201d, \u201ceres como un gusano para m\u00ed, una cosita peque\u00f1a, pero te quiero mucho\u201d. Este es el lenguaje de Dios, el lenguaje del amor de padre, de madre. \u00bfPalabra del Se\u00f1or? Si, escuchemos lo que nos dice. Pero tambi\u00e9n veamos c\u00f3mo lo dice: y nosotros debemos hacer aquello que hace el Se\u00f1or, hacer aquello que dice y hacerlo como lo dice: con amor, con ternura, con esa condescendencia hacia los hermanos\u201d.\u00a0<\/i><o:p><\/o:p><\/p>\n<p class=\"MsoNormal\" style=\"margin-bottom: 0.0001pt; text-align: justify;\"><o:p>\u00a0<\/o:p><i>\u201cEsta es la m\u00fasica del lenguaje del Se\u00f1or, y nosotros en preparaci\u00f3n hacia la Navidad debemos escucharla: nos har\u00e1 bien escucharla, nos har\u00e1 tanto bien. Normalmente, la Navidad parece una fiesta de mucho barullo: nos har\u00e1 bien guardar un poco de silencio y escuchar estas palabras de amor, palabras de tanta cercan\u00eda, estas palabras de ternura&#8230; \u201d\u00a1Eres un gusano, pero te amo tanto!\u201d. Por esto. Y guardar silencio, en este momento en el que, como dice el prefacio, estamos en espera, vigilantes\u201d.<\/i><o:p><\/o:p><\/p>\n<p class=\"MsoNormal\" style=\"margin-bottom: 0.0001pt; text-align: justify;\">Tomado de: Rome Reports. 12-12-2013<\/p>\n<p class=\"MsoNormal\" style=\"margin-bottom: 0.0001pt; text-align: justify;\"><o:p><\/o:p><\/p>\n<p><a href=\"http:\/\/web.hilo.org.pe\/wp-content\/uploads\/Ternura.jpg\" target=\"_blank\" rel=\"noopener\">Ver archivo adjunto<\/a><\/p>\n","protected":false},"excerpt":{"rendered":"<p>A dos semanas de Nochebuena, el Papa Francisco ha vuelto a hablar de la ternura de Dios en su homil?a en Casa Santa Marta. El Papa compar? a Dios con unos padres que se ponen al mismo nivel de un hijo peque?o para hablarle y cuidarle.<\/p>\n","protected":false},"author":1,"featured_media":7855,"comment_status":"closed","ping_status":"closed","sticky":false,"template":"","format":"standard","meta":{"footnotes":""},"categories":[9],"tags":[],"class_list":["post-1593","post","type-post","status-publish","format-standard","has-post-thumbnail","hentry","category-noticias"],"_links":{"self":[{"href":"https:\/\/ceas.org.pe\/index.php\/wp-json\/wp\/v2\/posts\/1593","targetHints":{"allow":["GET"]}}],"collection":[{"href":"https:\/\/ceas.org.pe\/index.php\/wp-json\/wp\/v2\/posts"}],"about":[{"href":"https:\/\/ceas.org.pe\/index.php\/wp-json\/wp\/v2\/types\/post"}],"author":[{"embeddable":true,"href":"https:\/\/ceas.org.pe\/index.php\/wp-json\/wp\/v2\/users\/1"}],"replies":[{"embeddable":true,"href":"https:\/\/ceas.org.pe\/index.php\/wp-json\/wp\/v2\/comments?post=1593"}],"version-history":[{"count":1,"href":"https:\/\/ceas.org.pe\/index.php\/wp-json\/wp\/v2\/posts\/1593\/revisions"}],"predecessor-version":[{"id":7625,"href":"https:\/\/ceas.org.pe\/index.php\/wp-json\/wp\/v2\/posts\/1593\/revisions\/7625"}],"wp:featuredmedia":[{"embeddable":true,"href":"https:\/\/ceas.org.pe\/index.php\/wp-json\/wp\/v2\/media\/7855"}],"wp:attachment":[{"href":"https:\/\/ceas.org.pe\/index.php\/wp-json\/wp\/v2\/media?parent=1593"}],"wp:term":[{"taxonomy":"category","embeddable":true,"href":"https:\/\/ceas.org.pe\/index.php\/wp-json\/wp\/v2\/categories?post=1593"},{"taxonomy":"post_tag","embeddable":true,"href":"https:\/\/ceas.org.pe\/index.php\/wp-json\/wp\/v2\/tags?post=1593"}],"curies":[{"name":"wp","href":"https:\/\/api.w.org\/{rel}","templated":true}]}}