{"id":1591,"date":"2013-12-12T08:02:07","date_gmt":"2013-12-12T08:02:07","guid":{"rendered":""},"modified":"2026-03-11T09:12:27","modified_gmt":"2026-03-11T14:12:27","slug":"oel-mensaje-de-nuestra-seoora-de-guadalupe-es-mi-mensaje-y-el-de-la-iglesiao","status":"publish","type":"post","link":"https:\/\/ceas.org.pe\/index.php\/2013\/12\/12\/oel-mensaje-de-nuestra-seoora-de-guadalupe-es-mi-mensaje-y-el-de-la-iglesiao\/","title":{"rendered":"\u00f3El mensaje de Nuestra Se\u00f3ora de Guadalupe es mi mensaje y el de la Iglesia\u00f3"},"content":{"rendered":"<p>\n\u00a0\u00abEste abrazo de Mar\u00eda se\u00f1al\u00f3 el camino que siempre ha caracterizado a Am\u00e9rica: ser una tierra donde pueden convivir pueblos diferentes, una tierra capaz de respetar la vida humana en todas sus fases, desde el seno materno hasta la vejez, capaz de acoger a los emigrantes, as\u00ed como a los pueblos y a los pobres y marginados de todas las \u00e9pocas. Am\u00e9rica es una tierra generosa\u00bb.<\/p>\n<p>Asegurando que reza por los \u00abqueridos hermanos y hermanas de toda Am\u00e9rica\u00bb, el Papa Bergoglio pidi\u00f3 que se rece tambi\u00e9n por \u00e9l y dese\u00f3 que \u00abla alegr\u00eda del Evangelio est\u00e9 siempre en sus corazones\u00bb. <\/p>\n<p>Mensaje completo del Papa:<\/p>\n<p>Mensaje a toda Am\u00e9rica<br \/>\nMa\u00f1ana es la fiesta de Nuestra Se\u00f1ora de Guadalupe, Patrona de toda Am\u00e9rica. Con esta ocasi\u00f3n, deseo saludar a los hermanos y hermanas de ese Continente, y lo hago pensando en la Virgen de Tepeyac.<br \/>\nCuando se apareci\u00f3 a san Juan Diego, su rostro era el de una mujer mestiza y sus vestidos estaban llenos de s\u00edmbolos de la cultura ind\u00edgena. Siguiendo el ejemplo de Jes\u00fas, Mar\u00eda se hace cercana a sus hijos, acompa\u00f1a como madre sol\u00edcita su camino, comparte las alegr\u00edas y las esperanzas, los sufrimientos y las angustias del Pueblo de Dios, del que est\u00e1n llamados a forman parte todos los pueblos de la tierra.<br \/>\nLa aparici\u00f3n de la imagen de la Virgen en la tilma de Juan Diego fue un signo prof\u00e9tico de un abrazo, el abrazo de Mar\u00eda a todos los habitantes de las vastas tierras americanas, a los que ya estaban all\u00ed y a los que llegar\u00edan despu\u00e9s.<br \/>\nEste abrazo de Mar\u00eda se\u00f1al\u00f3 el camino que siempre ha caracterizado a Am\u00e9rica: ser una tierra donde pueden convivir pueblos diferentes, una tierra capaz de respetar la vida humana en todas sus fases, desde el seno materno hasta la vejez, capaz de acoger a los emigrantes, as\u00ed como a los pueblos y a los pobres y marginados de todas las \u00e9pocas. Am\u00e9rica es una tierra generosa.<br \/>\n\u00c9ste es el mensaje de Nuestra Se\u00f1ora de Guadalupe, y \u00e9ste es tambi\u00e9n mi mensaje, el mensaje de la Iglesia. Animo a todos los habitantes del Continente americano a tener los brazos abiertos como la Virgen Mar\u00eda, con amor y con ternura.<br \/>\nPido por todos ustedes, queridos hermanos y hermanas de toda Am\u00e9rica, y tambi\u00e9n ustedes recen por m\u00ed. Que la alegr\u00eda del Evangelio est\u00e9 siempre en sus corazones. El Se\u00f1or los bendiga y la Virgen los acompa\u00f1e.\u00a0 (Fuente: RV)<br \/>\n\u00a0<\/p>\n<p><a href=\"http:\/\/web.hilo.org.pe\/wp-content\/uploads\/virgen-de-guadalupe.jpg\" target=\"_blank\" rel=\"noopener\">Ver archivo adjunto<\/a><\/p>\n","protected":false},"excerpt":{"rendered":"<p>?Animo a todos los habitantes del Continente americano a tener los brazos abiertos como la Virgen Mar?a, con amor y ternura?. En la v?spera de la memoria de la Virgen de Guadalupe, el Papa Francisco desde la Plaza de San Pedro dirigi? un mensaje a toda Am?rica. Evocando la cercan?a de Mar?a, que siguiendo el ejemplo de Jes?s se hace cercana a sus hijos, los acompa?a como madre sol?cita, comparte las alegr?as y las esperanzas, los sufrimientos y las angustias del Pueblo de Dios, el Santo Padre hizo hincapi? en que la aparici?n de la imagen de la Virgen en la tilma de Juan Diego fue un signo prof?tico del ?abrazo de Mar?a a todos los habitantes de las vastas tierras americanas?.<\/p>\n","protected":false},"author":1,"featured_media":7912,"comment_status":"closed","ping_status":"closed","sticky":false,"template":"","format":"standard","meta":{"footnotes":""},"categories":[9],"tags":[],"class_list":["post-1591","post","type-post","status-publish","format-standard","has-post-thumbnail","hentry","category-noticias"],"_links":{"self":[{"href":"https:\/\/ceas.org.pe\/index.php\/wp-json\/wp\/v2\/posts\/1591","targetHints":{"allow":["GET"]}}],"collection":[{"href":"https:\/\/ceas.org.pe\/index.php\/wp-json\/wp\/v2\/posts"}],"about":[{"href":"https:\/\/ceas.org.pe\/index.php\/wp-json\/wp\/v2\/types\/post"}],"author":[{"embeddable":true,"href":"https:\/\/ceas.org.pe\/index.php\/wp-json\/wp\/v2\/users\/1"}],"replies":[{"embeddable":true,"href":"https:\/\/ceas.org.pe\/index.php\/wp-json\/wp\/v2\/comments?post=1591"}],"version-history":[{"count":1,"href":"https:\/\/ceas.org.pe\/index.php\/wp-json\/wp\/v2\/posts\/1591\/revisions"}],"predecessor-version":[{"id":7627,"href":"https:\/\/ceas.org.pe\/index.php\/wp-json\/wp\/v2\/posts\/1591\/revisions\/7627"}],"wp:featuredmedia":[{"embeddable":true,"href":"https:\/\/ceas.org.pe\/index.php\/wp-json\/wp\/v2\/media\/7912"}],"wp:attachment":[{"href":"https:\/\/ceas.org.pe\/index.php\/wp-json\/wp\/v2\/media?parent=1591"}],"wp:term":[{"taxonomy":"category","embeddable":true,"href":"https:\/\/ceas.org.pe\/index.php\/wp-json\/wp\/v2\/categories?post=1591"},{"taxonomy":"post_tag","embeddable":true,"href":"https:\/\/ceas.org.pe\/index.php\/wp-json\/wp\/v2\/tags?post=1591"}],"curies":[{"name":"wp","href":"https:\/\/api.w.org\/{rel}","templated":true}]}}