{"id":1589,"date":"2013-12-11T08:47:40","date_gmt":"2013-12-11T08:47:40","guid":{"rendered":""},"modified":"2026-03-11T09:12:27","modified_gmt":"2026-03-11T14:12:27","slug":"actuar-todos-para-eliminar-la-escandalosa-injusticia-del-hambre-exhorta-el-papa","status":"publish","type":"post","link":"https:\/\/ceas.org.pe\/index.php\/2013\/12\/11\/actuar-todos-para-eliminar-la-escandalosa-injusticia-del-hambre-exhorta-el-papa\/","title":{"rendered":"Actuar todos para eliminar la escandalosa injusticia del hambre, exhorta el Papa"},"content":{"rendered":"<p>Ante el esc\u00e1ndalo de millones de personas que padecen hambre, Francisco renovando la apremiante exhortaci\u00f3n del video mensaje grabado por \u00e9l mismo, invit\u00f3 a actuar, confiando en el camino que nos muestra Jes\u00fas: <\/p>\n<p>\u00abAyer Caritas lanz\u00f3 una campa\u00f1a mundial contra el hambre y el despilfarro y desperdicio de alimentos con el lema \u00abUna sola familia humana, alimento para todos\u00bb. \u00abUna sola familia humana, alimento para todos\u00bb \u00bfLo recordamos? \u00bfLo repetimos juntos? \u00abUna sola familia humana, alimento para todos\u00bb El esc\u00e1ndalo de millones de personas que sufren hambre no debe paralizarnos, sino impulsarnos a actuar, todos, individuos, familias, comunidades, instituciones, gobiernos, para eliminar esa injusticia. El Evangelio de Jes\u00fas nos muestra el camino: confiar en la providencia del Padre y compartir el pan de cada d\u00eda sin desperdiciarlo. Aliento a Caritas a llevar adelante este compromiso e invito a todos a unirse a esa ola de solidaridad\u00bb<\/p>\n<p><strong>(Fuente: RV)<\/strong><br \/>\n\u00a0<\/p>\n<p><a href=\"http:\/\/web.hilo.org.pe\/wp-content\/uploads\/papa-hace-llamado.JPG\" target=\"_blank\" rel=\"noopener\">Ver archivo adjunto<\/a><\/p>\n","protected":false},"excerpt":{"rendered":"<p>Con un nuevo entra?able y apremiante llamamiento, el Papa culmin? su audiencia general de este mi?rcoles y expres? su impulso a la campa?a de Caritas internacional ?Una sola familia humana, alimento para todos?.<\/p>\n","protected":false},"author":1,"featured_media":7910,"comment_status":"closed","ping_status":"closed","sticky":false,"template":"","format":"standard","meta":{"footnotes":""},"categories":[9],"tags":[],"class_list":["post-1589","post","type-post","status-publish","format-standard","has-post-thumbnail","hentry","category-noticias"],"_links":{"self":[{"href":"https:\/\/ceas.org.pe\/index.php\/wp-json\/wp\/v2\/posts\/1589","targetHints":{"allow":["GET"]}}],"collection":[{"href":"https:\/\/ceas.org.pe\/index.php\/wp-json\/wp\/v2\/posts"}],"about":[{"href":"https:\/\/ceas.org.pe\/index.php\/wp-json\/wp\/v2\/types\/post"}],"author":[{"embeddable":true,"href":"https:\/\/ceas.org.pe\/index.php\/wp-json\/wp\/v2\/users\/1"}],"replies":[{"embeddable":true,"href":"https:\/\/ceas.org.pe\/index.php\/wp-json\/wp\/v2\/comments?post=1589"}],"version-history":[{"count":1,"href":"https:\/\/ceas.org.pe\/index.php\/wp-json\/wp\/v2\/posts\/1589\/revisions"}],"predecessor-version":[{"id":7629,"href":"https:\/\/ceas.org.pe\/index.php\/wp-json\/wp\/v2\/posts\/1589\/revisions\/7629"}],"wp:featuredmedia":[{"embeddable":true,"href":"https:\/\/ceas.org.pe\/index.php\/wp-json\/wp\/v2\/media\/7910"}],"wp:attachment":[{"href":"https:\/\/ceas.org.pe\/index.php\/wp-json\/wp\/v2\/media?parent=1589"}],"wp:term":[{"taxonomy":"category","embeddable":true,"href":"https:\/\/ceas.org.pe\/index.php\/wp-json\/wp\/v2\/categories?post=1589"},{"taxonomy":"post_tag","embeddable":true,"href":"https:\/\/ceas.org.pe\/index.php\/wp-json\/wp\/v2\/tags?post=1589"}],"curies":[{"name":"wp","href":"https:\/\/api.w.org\/{rel}","templated":true}]}}