{"id":1587,"date":"2013-12-10T08:28:21","date_gmt":"2013-12-10T08:28:21","guid":{"rendered":""},"modified":"2026-03-11T09:12:27","modified_gmt":"2026-03-11T14:12:27","slug":"10-de-diciembre-doa-mundial-de-los-derechos-humanos","status":"publish","type":"post","link":"https:\/\/ceas.org.pe\/index.php\/2013\/12\/10\/10-de-diciembre-doa-mundial-de-los-derechos-humanos\/","title":{"rendered":"10 de diciembre: D\u00f3a Mundial de los Derechos Humanos"},"content":{"rendered":"<p>El D\u00eda de los Derechos Humanos de 2013 cobra una importancia especial en este a\u00f1o en el cual se cumple el 20\u00ba aniversario Disponible en ingl\u00e9sdel establecimiento del mandato del Alto Comisionado para los Derechos Humanos.<\/p>\n<p>La Asamblea General de las Naciones Unidas estableci\u00f3 el mandato del Alto Comisionado para la promoci\u00f3n y la protecci\u00f3n de todos los derechos humanos en diciembre de 1993, actuando a ra\u00edz de una recomendaci\u00f3n de los delegados presentes en la Conferencia Mundial de Derechos Humanos celebrara en Viena ese mismo a\u00f1o. La Declaraci\u00f3n y Programa de Acci\u00f3n de Viena Documento PDF, aprobada por la Conferencia Mundial, marc\u00f3 el comienzo de un esfuerzo renovado de protecci\u00f3n y promoci\u00f3n de los derechos humanos y se considera uno de los documentos de derechos humanos m\u00e1s significativos de los \u00faltimos 25 a\u00f1os.<\/p>\n<p><strong>MENSAJE DEL SECRETARIO DE LAS NACIONES UNIDAS<br \/>\n<\/strong><br \/>\n\u00abCon ocasi\u00f3n de la conmemoraci\u00f3n del vig\u00e9simo aniversario de la Declaraci\u00f3n y el Programa de Acci\u00f3n de Viena redoblemos nuestros esfuerzos para cumplir la responsabilidad colectiva de promover y proteger los derechos y la dignidad de todas las personas en todo el mundo.\u00bb<\/p>\n<p>Secretario General de las Naciones Unidas, Ban Ki-moon (Fuente: www.un.org)<br \/>\n\u00a0<\/p>\n<p><a href=\"http:\/\/web.hilo.org.pe\/wp-content\/uploads\/FOTOS-DERECHOS-HUMANOS.jpg\" target=\"_blank\" rel=\"noopener\">Ver archivo adjunto<\/a><\/p>\n","protected":false},"excerpt":{"rendered":"<p>La Asamblea General de las Naciones Unidas proclam? el 10 de diciembre como D?a de los Derechos Humanos en 1950, para se?alar a la atenci?n de ?los pueblos del mundo? la Declaraci?n Universal de Derechos Humanos como ideal com?n de todos los pueblos y todas las naciones.<\/p>\n","protected":false},"author":1,"featured_media":7911,"comment_status":"closed","ping_status":"closed","sticky":false,"template":"","format":"standard","meta":{"footnotes":""},"categories":[9],"tags":[],"class_list":["post-1587","post","type-post","status-publish","format-standard","has-post-thumbnail","hentry","category-noticias"],"_links":{"self":[{"href":"https:\/\/ceas.org.pe\/index.php\/wp-json\/wp\/v2\/posts\/1587","targetHints":{"allow":["GET"]}}],"collection":[{"href":"https:\/\/ceas.org.pe\/index.php\/wp-json\/wp\/v2\/posts"}],"about":[{"href":"https:\/\/ceas.org.pe\/index.php\/wp-json\/wp\/v2\/types\/post"}],"author":[{"embeddable":true,"href":"https:\/\/ceas.org.pe\/index.php\/wp-json\/wp\/v2\/users\/1"}],"replies":[{"embeddable":true,"href":"https:\/\/ceas.org.pe\/index.php\/wp-json\/wp\/v2\/comments?post=1587"}],"version-history":[{"count":1,"href":"https:\/\/ceas.org.pe\/index.php\/wp-json\/wp\/v2\/posts\/1587\/revisions"}],"predecessor-version":[{"id":7631,"href":"https:\/\/ceas.org.pe\/index.php\/wp-json\/wp\/v2\/posts\/1587\/revisions\/7631"}],"wp:featuredmedia":[{"embeddable":true,"href":"https:\/\/ceas.org.pe\/index.php\/wp-json\/wp\/v2\/media\/7911"}],"wp:attachment":[{"href":"https:\/\/ceas.org.pe\/index.php\/wp-json\/wp\/v2\/media?parent=1587"}],"wp:term":[{"taxonomy":"category","embeddable":true,"href":"https:\/\/ceas.org.pe\/index.php\/wp-json\/wp\/v2\/categories?post=1587"},{"taxonomy":"post_tag","embeddable":true,"href":"https:\/\/ceas.org.pe\/index.php\/wp-json\/wp\/v2\/tags?post=1587"}],"curies":[{"name":"wp","href":"https:\/\/api.w.org\/{rel}","templated":true}]}}