{"id":1586,"date":"2013-12-10T08:20:29","date_gmt":"2013-12-10T08:20:29","guid":{"rendered":""},"modified":"2026-03-11T09:12:27","modified_gmt":"2026-03-11T14:12:27","slug":"campaoa-mundial-contra-el-hambre-oque-sea-un-rugido-capaz-de-sacudir-al-mundoo","status":"publish","type":"post","link":"https:\/\/ceas.org.pe\/index.php\/2013\/12\/10\/campaoa-mundial-contra-el-hambre-oque-sea-un-rugido-capaz-de-sacudir-al-mundoo\/","title":{"rendered":"Campa\u00f3a mundial contra el hambre: \u00f3Que sea un rugido capaz de sacudir al mundo\u00f3"},"content":{"rendered":"<p>El sucesor de Pedro explica que ante mil millones de personas que todav\u00eda sufren hambre hoy \u201cno podemos mirar a otra parte, fingiendo que el problema no exista. Los alimentos que hay a disposici\u00f3n hoy en el mundo bastar\u00edan para quitar el hambre a todos\u201d.<\/p>\n<p>El Vicario de Cristo invita a todas las instituciones del mundo, a toda la Iglesia y a cada unos de nosotros mismos, como una sola familia humana \u201ca dar voz a todas las personas que sufren silenciosamente el hambre, para que esta voz se convierta en un rugido capaz de sacudir al mundo\u201d, en el mismo mensaje que finaliza exhortando: \u201cRoguemos al Se\u00f1or para que nos conceda la gracia de ver un mundo en el que nadie deba morir de hambre\u201d.<\/p>\n<p>El Cardenal Rodr\u00edguez Maradiaga, presidente de la instituci\u00f3n, en una carta a los obispos responsables de Caritas en el mundo, anima a todas las personas y naciones a poner mayor atenci\u00f3n al hambre, evitando el despilfarro y desperdicio de alimentos, incrementando la utilizaci\u00f3n de la tierra para la producci\u00f3n de alimentos y apoyando a las mujeres agricultoras, entre otras cosas.<\/p>\n<p>Michel Roy, secretario general de la instituci\u00f3n, afirma: \u201cEl hambre es una cat\u00e1strofe de magnitud mundial. M\u00e1s de 842 millones de personas ven esfumarse su salud, oportunidades y vida y a sus hijos sufrir por algo que no deber\u00eda existir nunca. Hay alimentos suficientes en el mundo para todos y para llevar una vida digna. Tenemos que unir nuestros esfuerzos para asegurar \u2018alimentos para todos\u2019. Juntos podemos lograrlo\u201d.<\/p>\n<p>Tras el lanzamiento, con el mensaje de Papa Francisco, la \u201cola de oraciones\u201d inicia a las 12 de la noche en la Isla de Samoa, en el Pac\u00edfico y contin\u00faa progresivamente en todos los continentes, con todas las organizaciones de Caritas y las personas de buena voluntad.<br \/>\n(Jesuita Guillermo Ortiz- RV)<\/p>\n<p>Texto completo y audio del mensaje de Papa Francisco:\u00a0\u00a0 <br \/>\nQueridos hermanos y queridas hermanas: <br \/>\nHoy estoy feliz de anunciarles la \u201cCampa\u00f1a contra el hambre en el mundo\u201d, lanzada por nuestra Caritas Internationalis y comunicarles que es mi intenci\u00f3n darle todo mi apoyo.<br \/>\nEsta Confederaci\u00f3n, junto a sus 164 organizaciones miembros, est\u00e1 hoy empe\u00f1ada en 200 pa\u00edses y territorios de todo el mundo y su labor es el coraz\u00f3n de la misi\u00f3n de la Iglesia y su atenci\u00f3n hacia todos aquellos que sufren por ese esc\u00e1ndalo del hambre, con el que el Se\u00f1or se identific\u00f3 cuando dijo: \u201cTuve hambre y me diste de comer\u201d. Cuando los ap\u00f3stoles le dijeron a Jes\u00fas que las personas que hab\u00edan llegado para escuchar sus palabras tambi\u00e9n ten\u00edan hambre, \u00c9l les anim\u00f3 a que fueran a buscar comida. Como ellos tambi\u00e9n eran pobres, solo encontraron cinco panes y dos peces pero, con la gracia de Dios, llegaron a dar de comer a una multitud de personas, recogiendo incluso lo que hab\u00eda sobrado y evitando as\u00ed cualquier despilfarro.<br \/>\nNos encontramos ante un esc\u00e1ndalo mundial de casi mil millones de personas. Mil millones de personas que todav\u00eda sufren hambre hoy, no podemos mirar a otra parte, fingiendo que el problema no exista. Los alimentos que hay a disposici\u00f3n hoy en el mundo bastar\u00edan para quitar el hambre a todos.<br \/>\nLa par\u00e1bola de la multiplicaci\u00f3n de los panes y los peces nos ense\u00f1a precisamente eso: que cuando hay voluntad, lo que tenemos no se termina, incluso sobra y no se pierde.<br \/>\nPor eso, queridos hermanos y hermanas, les invito a que hagan un lugar en sus corazones para esta urgencia, respetando ese derecho que Dios concedi\u00f3 a todos, de tener acceso a un alimentaci\u00f3n adecuada.<br \/>\nCompartamos lo que tenemos, con caridad cristiana, con todos aquellos que se ven obligados a hacer frente a numerosos obst\u00e1culos para poder satisfacer una necesidad tan primaria y, a la vez, seamos promotores de una aut\u00e9ntica cooperaci\u00f3n con los pobres, para que a trav\u00e9s de los frutos del trabajo de ellos y de nuestro trabajo podamos vivir una vida digna.<br \/>\nInvito a todas las instituciones del mundo, a toda la Iglesia y a cada unos de nosotros mismos, como una sola familia humana, a dar voz a todas las personas que sufren silenciosamente el hambre, para que esta voz se convierta en un rugido capaz de sacudir al mundo.<br \/>\nEsta campa\u00f1a quiere ser tambi\u00e9n una invitaci\u00f3n a todos nosotros, para que seamos conscientes de la elecci\u00f3n de nuestros alimentos, que con frecuencia significa desperdiciar la comida y usar mal los recursos a nuestra disposici\u00f3n. Es tambi\u00e9n una exhortaci\u00f3n para que dejemos de pensar que nuestras acciones cotidianas no tienen repercusiones en la vida de quienes &#8211; cerca o lejos de nosotros \u2013 sufren el hambre en su propia piel.<br \/>\nLes pido de todo coraz\u00f3n, que apoyen a nuestra Caritas en esta noble Campa\u00f1a, para actuar como una sola familia, empe\u00f1ada en asegurar alimentos para todos.<br \/>\nRoguemos al Se\u00f1or para que nos conceda la gracia de ver un mundo en el nadie deba morir de hambre. Y pidiendo esta gracia, les doy mi bendici\u00f3n.<strong> (Fuente RV)<\/strong><br \/>\n\u00a0<\/p>\n<p>\u00a0<\/p>\n<p><a href=\"http:\/\/web.hilo.org.pe\/wp-content\/uploads\/BANER.CAMPANIA-CARITAS-CONTRA-HAMBRE.JPG\" target=\"_blank\" rel=\"noopener\">Ver archivo adjunto<\/a><\/p>\n","protected":false},"excerpt":{"rendered":"<p>C?ritas Internacional lanza la primera campa?a mundial contra el hambre con un video mensaje grabado por el mismo Papa Francisco.?Hoy estoy feliz de anunciarles la ?Campa?a contra el hambre en el mundo?, lanzada por nuestra Caritas Internationalis y comunicarles que es mi intenci?n darle todo mi apoyo?, expresa el Obispo de Roma, afirmando que la labor de esta instituci?n ?es el coraz?n de la misi?n de la Iglesia y su atenci?n hacia todos aquellos que sufren por ese esc?ndalo del hambre, con el que el Se?or se identific? cuando dijo: ?Tuve hambre y me diste de comer?.?<\/p>\n","protected":false},"author":1,"featured_media":7910,"comment_status":"closed","ping_status":"closed","sticky":false,"template":"","format":"standard","meta":{"footnotes":""},"categories":[9],"tags":[],"class_list":["post-1586","post","type-post","status-publish","format-standard","has-post-thumbnail","hentry","category-noticias"],"_links":{"self":[{"href":"https:\/\/ceas.org.pe\/index.php\/wp-json\/wp\/v2\/posts\/1586","targetHints":{"allow":["GET"]}}],"collection":[{"href":"https:\/\/ceas.org.pe\/index.php\/wp-json\/wp\/v2\/posts"}],"about":[{"href":"https:\/\/ceas.org.pe\/index.php\/wp-json\/wp\/v2\/types\/post"}],"author":[{"embeddable":true,"href":"https:\/\/ceas.org.pe\/index.php\/wp-json\/wp\/v2\/users\/1"}],"replies":[{"embeddable":true,"href":"https:\/\/ceas.org.pe\/index.php\/wp-json\/wp\/v2\/comments?post=1586"}],"version-history":[{"count":1,"href":"https:\/\/ceas.org.pe\/index.php\/wp-json\/wp\/v2\/posts\/1586\/revisions"}],"predecessor-version":[{"id":7632,"href":"https:\/\/ceas.org.pe\/index.php\/wp-json\/wp\/v2\/posts\/1586\/revisions\/7632"}],"wp:featuredmedia":[{"embeddable":true,"href":"https:\/\/ceas.org.pe\/index.php\/wp-json\/wp\/v2\/media\/7910"}],"wp:attachment":[{"href":"https:\/\/ceas.org.pe\/index.php\/wp-json\/wp\/v2\/media?parent=1586"}],"wp:term":[{"taxonomy":"category","embeddable":true,"href":"https:\/\/ceas.org.pe\/index.php\/wp-json\/wp\/v2\/categories?post=1586"},{"taxonomy":"post_tag","embeddable":true,"href":"https:\/\/ceas.org.pe\/index.php\/wp-json\/wp\/v2\/tags?post=1586"}],"curies":[{"name":"wp","href":"https:\/\/api.w.org\/{rel}","templated":true}]}}