{"id":1582,"date":"2013-12-07T17:25:25","date_gmt":"2013-12-07T17:25:25","guid":{"rendered":""},"modified":"2026-03-11T09:12:27","modified_gmt":"2026-03-11T14:12:27","slug":"estado-y-organizaciones-indogenas-acortan-distancias-dialogando","status":"publish","type":"post","link":"https:\/\/ceas.org.pe\/index.php\/2013\/12\/07\/estado-y-organizaciones-indogenas-acortan-distancias-dialogando\/","title":{"rendered":"Estado y organizaciones ind\u00f3genas acortan distancias dialogando"},"content":{"rendered":"<p class=\"MsoNormal\" style=\"margin-bottom: 0.0001pt; text-align: justify;\">El primer bloque del Foro abord\u00f3 el tema del Derecho al territorio. Lo hicieron Juan de Dios Sangama, presidente de la Federaci\u00f3n de Pueblos Ind\u00edgenas Kechwas de la Regi\u00f3n San Mart\u00edn (FEPIKRESAN) y Segundo Tapullima Secretario del Consejo \u00c9tnico de los pueblos Kichwas de la Amazon\u00eda (CEPKA), precisaron la importancia del di\u00e1logo en condiciones de respeto, transparencia, igualdad y enfoque intercultural para tratar el plan maestro del \u00c1rea de Conservaci\u00f3n Regional, Cordillera Escalera en la regi\u00f3n San Mart\u00edn. Demandaron la presencia de un representante ind\u00edgena en la nueva elecci\u00f3n del Comit\u00e9 de Gesti\u00f3n de esta ACR para defender sus derechos e intereses. <o:p><\/o:p><\/p>\n<p class=\"MsoNormal\" style=\"margin-bottom: 0.0001pt; text-align: justify;\">En esta primera parte bloque tambi\u00e9n tom\u00f3 la palabra Richard Rubio, Presidente de la Federaci\u00f3n de Comunidades Nativas del Medio Napo, Curaray y Arabela (FECONAMNCUA) quien reclam\u00f3 con \u00e9nfasis c\u00f3mo en el proceso de consulta previa del ACR Maijuna Kichwa no se tom\u00f3 el tiempo para dar la informaci\u00f3n necesaria e integrar a todas las comunidades afectadas, que habitan a lo largo de la cuenca del r\u00edo Napo. Pidi\u00f3 un acercamiento directo, visitar, conocer de cerca la realidad de estos pueblos, de sus comunidades.<o:p><\/o:p><\/p>\n<p class=\"MsoNormal\" style=\"margin-bottom: 0.0001pt; text-align: justify;\">El segundo bloque abord\u00f3 la problem\u00e1tica de los pueblos de Amazonas y la regi\u00f3n Jun\u00edn. Se coment\u00f3 c\u00f3mo se logr\u00f3 la consecuci\u00f3n de la ordenanza regional de consulta previa aprobada por el Gobierno Regional y la experiencia que han tenido los pueblos ind\u00edgenas de la Amazon\u00eda Norte respecto de ese proceso, as\u00ed como tambi\u00e9n el derecho de petici\u00f3n con el Ministerio de Energ\u00eda y Minas respecto al lote 116. <o:p><\/o:p><\/p>\n<p class=\"MsoNormal\" style=\"margin-bottom: 0.0001pt; text-align: justify;\">Aqu\u00ed las preguntas plantearon temas de fondo, como por ejemplo con qui\u00e9n y con qu\u00e9 tipo de Estado se est\u00e1 realizando el di\u00e1logo. Se ha notado que se requieren m\u00e1s esfuerzos del Estado para conocer y reconocer m\u00e1s a los pueblos ind\u00edgenas.<o:p><\/o:p><\/p>\n<p class=\"MsoNormal\" style=\"margin-bottom: 0.0001pt; text-align: justify;\">Edwin Montenegro, Presidente de la Organizaci\u00f3n Regional de Pueblos Ind\u00edgenas de la Amazon\u00eda Norte del Per\u00fa, (ORPIAN &#8211; P) coloc\u00f3 en la agenda que siguen latentes las secuelas de lo ocurrido en el lamentable suceso conocido como el \u00abBaguazo\u00bb, lamentable que todo esto haya dado como resultado que los \u00fanicos detenidos sean los ind\u00edgenas y otros responsables de lo ocurrido no hayan sido sometidos a proceso alguno.<o:p><\/o:p><\/p>\n<p class=\"MsoNormal\" style=\"margin-bottom: 0.0001pt; text-align: justify;\">Am\u00e9rico Cabecilla, Coordinador del Consejo Regional de Pueblos Ind\u00edgenas Jun\u00edn Selva Central, CORPIJSEC, nos present\u00f3 los aprendizajes que han alcanzado en su regi\u00f3n, de manera particular han insistido en fortalecer el papel protag\u00f3nico de las mujeres en la tarea por desarrollar a sus pueblos, la equidad en la participaci\u00f3n pol\u00edtica de las mujeres es un tema central en la agenda ind\u00edgena de esta parte del pa\u00eds.<o:p><\/o:p><\/p>\n<p class=\"MsoNormal\" style=\"margin-bottom: 0.0001pt; text-align: justify;\">Los comentarios a las presentaciones estuvieron a cargo de\u00a0 representantes de\u00a0 la sociedad civil y del Estado. Los representantes de la Oficina Nacional de Di\u00e1logo y Sostenibilidad de la Presidencia del Consejo de Ministros y del Vice ministerio de interculturalidad del Ministerio de Cultura, reconocieron en sus intervenciones que hay\u00a0 cosas que mejorar en el proceso de consulta previa que deben ser atendidos puesto que estamos ante una novedad que involucra a los pueblos ind\u00edgenas como no se hab\u00eda tenido antes. Por ello que reconocieron la inexperiencia y se\u00f1alaron la apertura para corregir los procesos en marcha, adem\u00e1s de la pr\u00e1ctica m\u00e1s frecuente y decidida para escuchar los justos reclamos de los pueblos ind\u00edgenas.<o:p><\/o:p><\/p>\n<p class=\"MsoNormal\" style=\"margin-bottom: 0.0001pt; text-align: justify;\">Adelaida Alayza, responsable de CRS Per\u00fa tuvo a cargo la clausura del Foro, record\u00f3 que se necesitan m\u00e1s canales de di\u00e1logo entre las comunidades, el Estado y las empresas. Hay que tomar en cuenta las agendas de los pueblos ind\u00edgenas. Los Pueblos Ind\u00edgenas deben contar con herramientas para comunicar de mejor manera sus propuestas.<o:p><\/o:p><\/p>\n<p class=\"MsoNormal\" style=\"margin-bottom: 0.0001pt; text-align: justify;\">Nos queda como aprendizaje que aqu\u00ed estamos varias organizaciones de la sociedad civil, representantes del estado, pero faltan otros actores, otros interlocutores para seguir dialogando y presentando propuestas que abran y promuevan cambios en los pueblos y regiones, precis\u00f3 Alayza.<o:p><\/o:p><\/p>\n<p class=\"MsoNormal\" style=\"margin-bottom: 0.0001pt; text-align: justify;\">Los dirigentes estuvieron durante los dos d\u00edas previos, en un taller de evaluaci\u00f3n sobre el impacto, los logros y las lecciones que han alcanzado, luego de un trabajo de tres a\u00f1os en el tema: Mitigaci\u00f3n de Conflictos y Desarrollo de la Amazon\u00eda que impulsan las instituciones convocantes. El resultado es positivo y se demuestra en la participaci\u00f3n de los pueblos ind\u00edgenas y su capacidad para expresar su palabra en cualquier foro. Los l\u00edderes y lideresas han sido capacitados para comprender los conflictos y enfrentarlos dialogando, buscando la paz y justicia tan anheladas, en la perspectiva del buen vivir. Muy importante ha sido el reconocimiento de que cuentan con agendas y propuestas propias. Se ha destacado tambi\u00e9n c\u00f3mo se est\u00e1 promoviendo la participaci\u00f3n activa de las mujeres de estas cuatro regiones: Amazonas, Jun\u00edn, San Mart\u00edn y Loreto.<o:p><\/o:p><\/p>\n<p class=\"MsoNormal\" style=\"margin-bottom: 0.0001pt; text-align: justify;\">Un esperanzador encuentro que anota a m\u00e1s ciudadanos dispuestos a transformar los conflictos en oportunidades de desarrollo y del buen vivir.<o:p><\/o:p><\/p>\n<p>\u00a0<\/p>\n<p class=\"MsoNormal\" style=\"margin-bottom: 0.0001pt; text-align: justify;\">Con el ruego de su difusi\u00f3n.<o:p><\/o:p><\/p>\n<p class=\"MsoNormal\" style=\"margin-bottom: 0.0001pt; text-align: justify;\"><o:p>\u00a0<\/o:p><\/p>\n<p>\u00a0<\/p>\n<p class=\"MsoNormal\" style=\"margin-bottom: 0.0001pt; text-align: justify;\">Lima, 6 de diciembre del 2013<o:p><\/o:p><\/p>\n<p><a href=\"http:\/\/web.hilo.org.pe\/wp-content\/uploads\/foto para nota.jpg\" target=\"_blank\" rel=\"noopener\">Ver archivo adjunto<\/a><\/p>\n","protected":false},"excerpt":{"rendered":"<p>Dirigentes ind?genas de las regiones: Jun?n, San Mart?n, Amazonas y Loreto, junto con especialistas en el tema de resoluci?n y transformaci?n de conflictos socio &#8211; ambientales de organizaciones civiles y gubernamentales se reunieron en la ciudad de Lima para la presentaci?n de los resultados del proyecto Mitigaci?n de conflictos y desarrollo de la Amazon?a (2011 &#8211; 2013) que co &#8211; ejecutan Catholic Relief Services, CRS conjuntamente con el Centro Amaz?nico de Antropolog?a y Aplicaci?n Pr?ctica, CAAAP; la Comisi?n Episcopal de Pastoral Social, CEAS y COOPERACCI?N, Acci?n Solidaria para el Desarrollo. El proyecto cuenta con el apoyo de la Agencia de los Estados Unidos para el Desarrollo Internacional, USAID.<\/p>\n","protected":false},"author":1,"featured_media":7904,"comment_status":"closed","ping_status":"closed","sticky":false,"template":"","format":"standard","meta":{"footnotes":""},"categories":[9],"tags":[],"class_list":["post-1582","post","type-post","status-publish","format-standard","has-post-thumbnail","hentry","category-noticias"],"_links":{"self":[{"href":"https:\/\/ceas.org.pe\/index.php\/wp-json\/wp\/v2\/posts\/1582","targetHints":{"allow":["GET"]}}],"collection":[{"href":"https:\/\/ceas.org.pe\/index.php\/wp-json\/wp\/v2\/posts"}],"about":[{"href":"https:\/\/ceas.org.pe\/index.php\/wp-json\/wp\/v2\/types\/post"}],"author":[{"embeddable":true,"href":"https:\/\/ceas.org.pe\/index.php\/wp-json\/wp\/v2\/users\/1"}],"replies":[{"embeddable":true,"href":"https:\/\/ceas.org.pe\/index.php\/wp-json\/wp\/v2\/comments?post=1582"}],"version-history":[{"count":1,"href":"https:\/\/ceas.org.pe\/index.php\/wp-json\/wp\/v2\/posts\/1582\/revisions"}],"predecessor-version":[{"id":7636,"href":"https:\/\/ceas.org.pe\/index.php\/wp-json\/wp\/v2\/posts\/1582\/revisions\/7636"}],"wp:featuredmedia":[{"embeddable":true,"href":"https:\/\/ceas.org.pe\/index.php\/wp-json\/wp\/v2\/media\/7904"}],"wp:attachment":[{"href":"https:\/\/ceas.org.pe\/index.php\/wp-json\/wp\/v2\/media?parent=1582"}],"wp:term":[{"taxonomy":"category","embeddable":true,"href":"https:\/\/ceas.org.pe\/index.php\/wp-json\/wp\/v2\/categories?post=1582"},{"taxonomy":"post_tag","embeddable":true,"href":"https:\/\/ceas.org.pe\/index.php\/wp-json\/wp\/v2\/tags?post=1582"}],"curies":[{"name":"wp","href":"https:\/\/api.w.org\/{rel}","templated":true}]}}