{"id":1573,"date":"2013-12-03T08:33:03","date_gmt":"2013-12-03T08:33:03","guid":{"rendered":""},"modified":"2026-03-11T09:12:27","modified_gmt":"2026-03-11T14:12:27","slug":"caritas-lanza-campaoa-mundial-ouna-sola-familia-humana-alimentos-para-todoso","status":"publish","type":"post","link":"https:\/\/ceas.org.pe\/index.php\/2013\/12\/03\/caritas-lanza-campaoa-mundial-ouna-sola-familia-humana-alimentos-para-todoso\/","title":{"rendered":"Caritas lanza Campa\u00f3a Mundial: \u00f3Una sola familia humana, alimentos para todos\u00f3"},"content":{"rendered":"<p>El Presidente de C\u00e1ritas Am\u00e9rica Latina y El Caribe, Mons. Jos\u00e9 Luis Azuaje en su mensaje enviado a toda la regi\u00f3n explic\u00f3 \u201cmuchos pueblos sufren dram\u00e1ticas situaciones de pobreza cuyo primer signo es la falta de una adecuada alimentaci\u00f3n y en algunos casos la carencia total de ella. Y no solo signo de carencia, sino tambi\u00e9n de inequidad, pues lo que falta a muchos lo desperdician otros. De esta realidad no escapa nuestra regi\u00f3n\u201d.<\/p>\n<p>Asimismo, Mons. Azuaje manifest\u00f3 que esta Campa\u00f1a es una gran oportunidad para obrar de manera sistem\u00e1tica y con objetivos comunes en todos los pa\u00edses del mundo, lo que implica un signo de comuni\u00f3n y de testimonio fraterno.<\/p>\n<p>El Papa Francisco ser\u00e1 quien dar\u00e1 el mensaje inaugural el 10 de diciembre, indicando que hay que \u201csalir a experimentar nuestra unci\u00f3n, su poder y su eficacia redentora en la periferia donde hay sufrimientos; la periferia no es solo un lugar, un espacio, sino tambi\u00e9n carne, humanidad, la periferia es el pobre, el que ha sido marginado, el que no cuenta y que tantas veces es categorizado como sobrante\u201d (DA 65). Es a ellos a quienes nuestras Caritas sirven y est\u00e1n dedicados los esfuerzos mutuos en todo el mundo.<br \/>\n.<br \/>\nC\u00e1ritas del Per\u00fa se sumar\u00e1 a esta campa\u00f1a participando en una ola de oraci\u00f3n mundial por el hambre y la pobreza en el mundo, as\u00ed como otras actividades que estaremos informando oportunamente. <strong>(Fuente http:\/\/www.caritas.org.pe)<\/strong><br \/>\n\u00a0<\/p>\n<p><a href=\"http:\/\/web.hilo.org.pe\/wp-content\/uploads\/campaania-alimentos-caritas.jpg\" target=\"_blank\" rel=\"noopener\">Ver archivo adjunto<\/a><\/p>\n","protected":false},"excerpt":{"rendered":"<p>Este 10 de diciembre, D?a Internacional de los Derechos Humanos, Caritas Internationalis lanzar? la Campa?a Mundial ?Una sola familia humana, alimentos para todos?.<\/p>\n","protected":false},"author":1,"featured_media":7878,"comment_status":"closed","ping_status":"closed","sticky":false,"template":"","format":"standard","meta":{"footnotes":""},"categories":[9],"tags":[],"class_list":["post-1573","post","type-post","status-publish","format-standard","has-post-thumbnail","hentry","category-noticias"],"_links":{"self":[{"href":"https:\/\/ceas.org.pe\/index.php\/wp-json\/wp\/v2\/posts\/1573","targetHints":{"allow":["GET"]}}],"collection":[{"href":"https:\/\/ceas.org.pe\/index.php\/wp-json\/wp\/v2\/posts"}],"about":[{"href":"https:\/\/ceas.org.pe\/index.php\/wp-json\/wp\/v2\/types\/post"}],"author":[{"embeddable":true,"href":"https:\/\/ceas.org.pe\/index.php\/wp-json\/wp\/v2\/users\/1"}],"replies":[{"embeddable":true,"href":"https:\/\/ceas.org.pe\/index.php\/wp-json\/wp\/v2\/comments?post=1573"}],"version-history":[{"count":1,"href":"https:\/\/ceas.org.pe\/index.php\/wp-json\/wp\/v2\/posts\/1573\/revisions"}],"predecessor-version":[{"id":7645,"href":"https:\/\/ceas.org.pe\/index.php\/wp-json\/wp\/v2\/posts\/1573\/revisions\/7645"}],"wp:featuredmedia":[{"embeddable":true,"href":"https:\/\/ceas.org.pe\/index.php\/wp-json\/wp\/v2\/media\/7878"}],"wp:attachment":[{"href":"https:\/\/ceas.org.pe\/index.php\/wp-json\/wp\/v2\/media?parent=1573"}],"wp:term":[{"taxonomy":"category","embeddable":true,"href":"https:\/\/ceas.org.pe\/index.php\/wp-json\/wp\/v2\/categories?post=1573"},{"taxonomy":"post_tag","embeddable":true,"href":"https:\/\/ceas.org.pe\/index.php\/wp-json\/wp\/v2\/tags?post=1573"}],"curies":[{"name":"wp","href":"https:\/\/api.w.org\/{rel}","templated":true}]}}