{"id":1569,"date":"2013-11-29T16:16:40","date_gmt":"2013-11-29T16:16:40","guid":{"rendered":""},"modified":"2026-03-11T09:12:27","modified_gmt":"2026-03-11T14:12:27","slug":"en-adviento-colecta-parroquial-nacional-por-filipinas","status":"publish","type":"post","link":"https:\/\/ceas.org.pe\/index.php\/2013\/11\/29\/en-adviento-colecta-parroquial-nacional-por-filipinas\/","title":{"rendered":"En Adviento: Colecta Parroquial Nacional por Filipinas"},"content":{"rendered":"<div>\n<div>Como se conoce, la Rep\u00fablica de Filipinas, uno de los 12 pa\u00edses m\u00e1s poblados del mundo fue azotada por el tif\u00f3n Haiyan con vientos de hasta 310 kil\u00f3metros por hora levantando olas de hasta 15 metros de altura, un aut\u00e9ntico tsunami que arraz\u00f3 la isla de Leyte, a 580 kil\u00f3mentros al sureste de Manila, capital de Filipinas, el pasado 8 de noviembre.<\/div>\n<div>\u00a0<\/div>\n<div>La cat\u00e1strofe es la m\u00e1s grave de Filipinas en los \u00faltimos 30 a\u00f1os. La Organizaci\u00f3n Mundial de Salud (OMS) ha calificado el desastre con categor\u00eda 3, el nivel m\u00e1s elevado. Adem\u00e1s, OMS ha comparado la devastaci\u00f3n causada por el tif\u00f3n Haiyan a la del terremoto que asol\u00f3 Hait\u00ed en el a\u00f1o 2010.\u00a0<\/div>\n<div>\u00a0<\/div>\n<div>La propagaci\u00f3n de enfermedades como la gripe y la aparici\u00f3n del c\u00f3lera y otras epidemias sanitarias es una de las m\u00e1ximas preocupaciones de las autoridades locales.<\/div>\n<div>\u00a0<\/div>\n<div>Ante esta situaci\u00f3n, C\u00e1ritas del Per\u00fa se suma a la ayuda internacional y lanza la Campa\u00f1a \u201cTodos solidarios con Filipinas\u201d que busca recaudar fondos para ser enviados directamente a C\u00e1ritas Filipinas a fin de aliviar las necesidades m\u00e1s urgentes de los damnificados y contribuir al proceso de reconstrucci\u00f3n que se requiere.<\/div>\n<div>\u00a0<\/div>\n<div>Es importante indicar que, el Consulado de Filipinas en Per\u00fa y la Universidad San Ignacio de Loyola est\u00e1n coordinando con nuestra instituci\u00f3n la realizaci\u00f3n de actividades que permitan recaudar fondos para la atenci\u00f3n de emergencia y rehabilitaci\u00f3n de las familias afectadas por el tif\u00f3n.<\/div>\n<div>\u00a0<\/div>\n<div>Adem\u00e1s, la Conferencia Episcopal Peruana junto a C\u00e1ritas del Per\u00fa realizar\u00e1 en \u00e9poca de Adviento una Colecta Parroquial Nacional.<\/div>\n<div>\u00a0<\/div>\n<div><span style=\"font-size: 12px;\">Invocamos a las personas naturales, empresas e instituciones a colaborar con su aporte ec\u00f3nomico en las cuentas:\u00a0<\/span><\/div>\n<\/div>\n<div>\u00a0<\/div>\n<div>\u00a0<\/div>\n<div>Invocamos a todos los fieles, en esta \u00e9poca de Adviento, a colaborar en esta Colecta Parroquial, cuyos fondos ser\u00e1n destinados \u00a0directamente a Caritas Filipinas, \u00a0a fin de aliviar las necesidades m\u00e1s urgentes de los damnificados y contribuir al proceso de reconstrucci\u00f3n que se requiere. Cabe indicar que todos los aportes econ\u00f3micos ser\u00e1n\u00a0depositados en las siguientes cuentas: \u00a0<\/div>\n<div>\u00a0<\/div>\n<div>\u00a0<\/div>\n<div>\u00a0<\/div>\n<div><strong>Banco de Cr\u00e9dito del Per\u00fa\u00a0<\/strong><\/div>\n<div>\u00a0<\/div>\n<div>C\u00c1RITAS DEL PER\u00da &#8211; SOLIDARIDAD FILIPINAS\u00a0<\/div>\n<div>\u00a0<\/div>\n<div>Cta. Cte. Soles No. \u00a0193-2108453-0-04\u00a0<\/div>\n<div>\u00a0<\/div>\n<div>Cta. Cte. D\u00f3lares No.\u00a0193-2115086-1-14\u00a0<\/div>\n<div>\u00a0<\/div>\n<div><strong><br \/>\n<\/strong><\/div>\n<div><strong>Banco Continental BBVA \u00a0<\/strong><\/div>\n<div>\u00a0<\/div>\n<div>C\u00c1RITAS DEL PER\u00da &#8211; SOLIDARIDAD FILIPINAS\u00a0<\/div>\n<div>\u00a0<\/div>\n<div>Cta. Cte. Soles No.\u00a00011-0661-0100056490-64 \u00a0 \u00a0\u00a0<\/div>\n<div>\u00a0<\/div>\n<div>Cta. Cte. D\u00f3lares No.\u00a00011-0661-0100056504-62 \u00a0<\/div>\n<p><a href=\"http:\/\/web.hilo.org.pe\/wp-content\/uploads\/todos con filipinas caritas.jpg\" target=\"_blank\" rel=\"noopener\">Ver archivo adjunto<\/a><\/p>\n","protected":false},"excerpt":{"rendered":"<p>La Conferencia Episcopal Peruana y C?ritas del Per? realizar?n este domingo 1 de diciembre, la Colecta Parroquial a nivel nacional para ayudar a los damnificados del tif?n Haiyan ocurrido en Filipinas, el pasado 8 de noviembre; y que se extender? durante el tiempo de Adviento<\/p>\n","protected":false},"author":1,"featured_media":7906,"comment_status":"closed","ping_status":"closed","sticky":false,"template":"","format":"standard","meta":{"footnotes":""},"categories":[9],"tags":[],"class_list":["post-1569","post","type-post","status-publish","format-standard","has-post-thumbnail","hentry","category-noticias"],"_links":{"self":[{"href":"https:\/\/ceas.org.pe\/index.php\/wp-json\/wp\/v2\/posts\/1569","targetHints":{"allow":["GET"]}}],"collection":[{"href":"https:\/\/ceas.org.pe\/index.php\/wp-json\/wp\/v2\/posts"}],"about":[{"href":"https:\/\/ceas.org.pe\/index.php\/wp-json\/wp\/v2\/types\/post"}],"author":[{"embeddable":true,"href":"https:\/\/ceas.org.pe\/index.php\/wp-json\/wp\/v2\/users\/1"}],"replies":[{"embeddable":true,"href":"https:\/\/ceas.org.pe\/index.php\/wp-json\/wp\/v2\/comments?post=1569"}],"version-history":[{"count":1,"href":"https:\/\/ceas.org.pe\/index.php\/wp-json\/wp\/v2\/posts\/1569\/revisions"}],"predecessor-version":[{"id":7649,"href":"https:\/\/ceas.org.pe\/index.php\/wp-json\/wp\/v2\/posts\/1569\/revisions\/7649"}],"wp:featuredmedia":[{"embeddable":true,"href":"https:\/\/ceas.org.pe\/index.php\/wp-json\/wp\/v2\/media\/7906"}],"wp:attachment":[{"href":"https:\/\/ceas.org.pe\/index.php\/wp-json\/wp\/v2\/media?parent=1569"}],"wp:term":[{"taxonomy":"category","embeddable":true,"href":"https:\/\/ceas.org.pe\/index.php\/wp-json\/wp\/v2\/categories?post=1569"},{"taxonomy":"post_tag","embeddable":true,"href":"https:\/\/ceas.org.pe\/index.php\/wp-json\/wp\/v2\/tags?post=1569"}],"curies":[{"name":"wp","href":"https:\/\/api.w.org\/{rel}","templated":true}]}}