{"id":1568,"date":"2013-11-29T12:34:26","date_gmt":"2013-11-29T12:34:26","guid":{"rendered":""},"modified":"2026-03-11T09:12:27","modified_gmt":"2026-03-11T14:12:27","slug":"el-cardenal-filoni-la-naturaleza-profunda-de-la-iglesia-es-misionera","status":"publish","type":"post","link":"https:\/\/ceas.org.pe\/index.php\/2013\/11\/29\/el-cardenal-filoni-la-naturaleza-profunda-de-la-iglesia-es-misionera\/","title":{"rendered":"El cardenal Filoni: &#8216;La naturaleza profunda de la Iglesia es misionera&#8217;"},"content":{"rendered":"<p>Es la exhortaci\u00f3n que el Card. Fernando Filoni, Prefecto de la Congregaci\u00f3n para la Evangelizaci\u00f3n de los Pueblos, Enviado especial del Santo Padre Francisco, ha dirigido a los m\u00e1s de tres mil participantes al 4\u00ba Congreso Americano Misionero CAM 4 y IX Congreso Misionero Latinoamericano, Comla 9, reunidos en la grande plaza delante de la Bas\u00edlica de Nuestra Se\u00f1ora de Chiquinquir\u00e0 en Maracaibo, para la solemne Celebraci\u00f3n de apertura que se ha llevado a cabo ayer por la tarde, 26 de noviembre, inform\u00f3 la agencia FIDES.<br \/>\nCitando la Carta de designaci\u00f3n con la que el Pont\u00edfice lo ha nombrado para representarlo, el Card. Filoni ha puesto de manifiesto que de esta forma \u201cel Papa no solamente se hace presente en medio a ustedes, sino que me pide transmitirles a ustedes su cari\u00f1o, y les saluda cordialmente a todos\u201d. El papa Francisco escribe, refiri\u00e9ndose al documento conciliar Ad Gentes, \u201cque la naturaleza verdadera y profunda de la Iglesia es la naturaleza misionera. Este es el motivo por el que la Iglesia entiende dedicarse tambi\u00e9n hoy, con gran entusiasmo, para que el Evangelio sea anunciado a todas las gentes, siguiendo el mismo camino se\u00f1alado por el Se\u00f1or\u201d. <br \/>\nEn su homil\u00eda el Prefecto del Dicasterio Misionario se ha detenido en la liturgia de la Palabra del d\u00eda, que sit\u00faa ante el designio de Dios, concebido desde la eternidad. \u201cJes\u00fas, el esperado, aparece como la luz de las gentes, la luz de quien cree, la luz de la fe\u201d ha subrayado, citando el pasaje evang\u00e9lico de la visita de Mar\u00eda a Santa Isabel, donde se manifiesta \u201c la centralidad de Cristo en la historia de salvaci\u00f3n\u201d, por consiguientemente Cristo, \u201cse debe convertir en el centro de nuestra predicaci\u00f3n, m\u00e1s a\u00fan, de la predicaci\u00f3n de la Iglesia\u201d.<br \/>\n\u201cNecesitamos reflexionar, a distancia de cinco siglos de evangelizaci\u00f3n de este Continente, como nuestra gente, que tambi\u00e9n ha recibido y acogido la fe, vive y cree\u201d ha continuado con el discurso el Prefecto del Dicasterio Misionario. \u201cNecesitamos preguntarnos qu\u00e9 es lo que predomina en nuestras Iglesias, si es una pastoral de conservaci\u00f3n o de anuncio; si es una pastoral centrada solamente en nuestras realidades americanas o latinoamericanas, o, al contrario, abierta al mundo; si nuestra pastoral, a veces cercana a los pobres de palabra, no est\u00e9 en realidad alejada de ellos, considerando que no pueden decirnos nada. Tenemos que preguntarnos si la nuestra es una pastoral atenta a poner a Cristo en el primer lugar, en el centro, o si, al contrario, como dice el Papa Francisco, es autorreferencial, policante, ideologizadora, sin alma y formal\u201d.<br \/>\nConcluyendo la homil\u00eda, el Card. Filoni ha exhortado a entrar \u201c en la escuela de Jes\u00fas Maestro\u201d para prepararnos a la misi\u00f3n, \u201cpedimos a Cristo que se haga nuestro hermano, nuestra luz, nuestro bien\u201d.\u00a0\u00a0 <strong>(Zenit.org) <br \/>\n<\/strong><\/p>\n<p><a href=\"http:\/\/web.hilo.org.pe\/wp-content\/uploads\/cardenal-filoni-congreso-misionero.jpg\" target=\"_blank\" rel=\"noopener\">Ver archivo adjunto<\/a><\/p>\n","protected":false},"excerpt":{"rendered":"<p>?En este nuestro Congreso ponemos en el centro a Cristo y como Maestro nos proponemos escuchar su voz, acoger su mensaje, hacer que entre en nosotros y prepararnos a la misi?n. S?, exactamente, como dice el tema de este Congreso: hacerse &#8216;Disc?pulos misioneros de Jesucristo, desde Am?rica, en un mundo secularizado y pluricultural??.<\/p>\n","protected":false},"author":1,"featured_media":0,"comment_status":"closed","ping_status":"closed","sticky":false,"template":"","format":"standard","meta":{"footnotes":""},"categories":[9],"tags":[],"class_list":["post-1568","post","type-post","status-publish","format-standard","hentry","category-noticias"],"_links":{"self":[{"href":"https:\/\/ceas.org.pe\/index.php\/wp-json\/wp\/v2\/posts\/1568","targetHints":{"allow":["GET"]}}],"collection":[{"href":"https:\/\/ceas.org.pe\/index.php\/wp-json\/wp\/v2\/posts"}],"about":[{"href":"https:\/\/ceas.org.pe\/index.php\/wp-json\/wp\/v2\/types\/post"}],"author":[{"embeddable":true,"href":"https:\/\/ceas.org.pe\/index.php\/wp-json\/wp\/v2\/users\/1"}],"replies":[{"embeddable":true,"href":"https:\/\/ceas.org.pe\/index.php\/wp-json\/wp\/v2\/comments?post=1568"}],"version-history":[{"count":1,"href":"https:\/\/ceas.org.pe\/index.php\/wp-json\/wp\/v2\/posts\/1568\/revisions"}],"predecessor-version":[{"id":7650,"href":"https:\/\/ceas.org.pe\/index.php\/wp-json\/wp\/v2\/posts\/1568\/revisions\/7650"}],"wp:attachment":[{"href":"https:\/\/ceas.org.pe\/index.php\/wp-json\/wp\/v2\/media?parent=1568"}],"wp:term":[{"taxonomy":"category","embeddable":true,"href":"https:\/\/ceas.org.pe\/index.php\/wp-json\/wp\/v2\/categories?post=1568"},{"taxonomy":"post_tag","embeddable":true,"href":"https:\/\/ceas.org.pe\/index.php\/wp-json\/wp\/v2\/tags?post=1568"}],"curies":[{"name":"wp","href":"https:\/\/api.w.org\/{rel}","templated":true}]}}