{"id":1564,"date":"2013-11-27T08:56:20","date_gmt":"2013-11-27T08:56:20","guid":{"rendered":""},"modified":"2026-03-11T09:12:27","modified_gmt":"2026-03-11T14:12:27","slug":"saludan-compromiso-asumido-por-sectores-involucrados-en-lucha-contra-la-violencia-hacia-la-mujer","status":"publish","type":"post","link":"https:\/\/ceas.org.pe\/index.php\/2013\/11\/27\/saludan-compromiso-asumido-por-sectores-involucrados-en-lucha-contra-la-violencia-hacia-la-mujer\/","title":{"rendered":"Saludan compromiso asumido por sectores involucrados en lucha contra la violencia hacia la mujer"},"content":{"rendered":"<p>\nPara el Defensor del Pueblo (e), Eduardo Vega, este gesto, en el que participaron los Ministros de los sectores involucrados liderados por el Presidente del Consejo de Ministros, C\u00e9sar Villanueva, debe ser tomado como una clara\u00a0 manifestaci\u00f3n de la voluntad que existe en el Estado -adem\u00e1s del Ministerio de la Mujer y Poblaciones Vulnerables como ente rector- de pasar de la declaraci\u00f3n a la acci\u00f3n, a partir del establecimiento de compromisos asumidos por los diversos sectores en el marco de\u00a0 sus funciones.<br \/>\nLa Adjunta\u00a0 para los Derechos de la Mujer (e), Carolina Garc\u00e9s, destac\u00f3 que los compromisos planteados por los diversos sectores para erradicar la violencia de g\u00e9nero adquieren especial relevancia al resultar acordes con los planteamientos y recomendaciones establecidos en los diversos informes defensoriales elaborados en la lucha contra la violencia hacia la mujer, una de las formas m\u00e1s odiosas, sistem\u00e1ticas y frecuentes de violaci\u00f3n a los derechos humanos; en especial en el Informe de Adjunt\u00eda N\u00b0 003-2013 \u2013DP\/ADM, \u201cBalance sobre el cumplimiento del Plan Nacional contra la Violencia hacia la Mujer 2009-2015\u201d, publicado en mayo del presente a\u00f1o.<br \/>\nCabe recordar que, en este informe, la Defensor\u00eda del Pueblo recomend\u00f3, entre otros puntos, la creaci\u00f3n de una base de datos \u00fanica y nacional sobre violencia de g\u00e9nero que contenga la informaci\u00f3n de los diversos sectores y entidades vinculados al tema; la capacitaci\u00f3n y sensibilizaci\u00f3n de los funcionarios y funcionarias encargados de atender los casos de violencia contra la mujer y el fortalecimiento de la labor vinculada a incorporar la perspectiva de g\u00e9nero en todos los niveles de educaci\u00f3n, especialmente en los niveles de educaci\u00f3n inicial y primaria.<br \/>\nS\u00f3lo a partir del dise\u00f1o e implementaci\u00f3n de estrategias sostenibles y coordinadas en materia de prevenci\u00f3n, investigaci\u00f3n, sanci\u00f3n, reparaci\u00f3n y erradicaci\u00f3n de la violencia contra la mujer, desde un enfoque integral y multisectorial e intergubernamental, se podr\u00e1n erradicar los estereotipos que a\u00fan se encuentran social y culturalmente arraigados en nuestra sociedad y a partir de los cuales se considera que la mujer se encuentra sometida al poder del hombre\u201c, sostuvo el Defensor del Pueblo.<br \/>\nFinalmente, Vega reiter\u00f3 el compromiso de la Defensor\u00eda del Pueblo de continuar\u00a0 contribuyendo, en el marco de sus funciones, en la efectiva implementaci\u00f3n de pol\u00edticas p\u00fablicas que promuevan una vida digna y sin violencia.<strong> (Fuente http:\/\/www.defensoria.gob.pe) <\/strong><\/p>\n<p>(Ver nota completa)<br \/>\n\u00a0<\/p>\n<p><a href=\"http:\/\/web.hilo.org.pe\/wp-content\/uploads\/campania-contra-violencia-a-mujeres.jpg\" target=\"_blank\" rel=\"noopener\">Ver archivo adjunto<\/a><\/p>\n","protected":false},"excerpt":{"rendered":"<p>Al conmemorarse el D?a Internacional de la no violencia contra la Mujer, la Defensor?a del Pueblo salud? que, en marco del lanzamiento de la campa?a ?La violencia nos afecta a todos y a todas. Actuemos ahora. Basta de violencia contra la mujer,? el Ministerio de la Mujer y Poblaciones Vulnerables anunci? la implementaci?n de una estrategia de intervenci?n conjunta y sostenible entre los diferentes sectores y niveles de gobierno, para reducir los ?ndices de violencia contra la mujer que a?n persisten en nuestro pa?s.<\/p>\n","protected":false},"author":1,"featured_media":7905,"comment_status":"closed","ping_status":"closed","sticky":false,"template":"","format":"standard","meta":{"footnotes":""},"categories":[9],"tags":[],"class_list":["post-1564","post","type-post","status-publish","format-standard","has-post-thumbnail","hentry","category-noticias"],"_links":{"self":[{"href":"https:\/\/ceas.org.pe\/index.php\/wp-json\/wp\/v2\/posts\/1564","targetHints":{"allow":["GET"]}}],"collection":[{"href":"https:\/\/ceas.org.pe\/index.php\/wp-json\/wp\/v2\/posts"}],"about":[{"href":"https:\/\/ceas.org.pe\/index.php\/wp-json\/wp\/v2\/types\/post"}],"author":[{"embeddable":true,"href":"https:\/\/ceas.org.pe\/index.php\/wp-json\/wp\/v2\/users\/1"}],"replies":[{"embeddable":true,"href":"https:\/\/ceas.org.pe\/index.php\/wp-json\/wp\/v2\/comments?post=1564"}],"version-history":[{"count":1,"href":"https:\/\/ceas.org.pe\/index.php\/wp-json\/wp\/v2\/posts\/1564\/revisions"}],"predecessor-version":[{"id":7654,"href":"https:\/\/ceas.org.pe\/index.php\/wp-json\/wp\/v2\/posts\/1564\/revisions\/7654"}],"wp:featuredmedia":[{"embeddable":true,"href":"https:\/\/ceas.org.pe\/index.php\/wp-json\/wp\/v2\/media\/7905"}],"wp:attachment":[{"href":"https:\/\/ceas.org.pe\/index.php\/wp-json\/wp\/v2\/media?parent=1564"}],"wp:term":[{"taxonomy":"category","embeddable":true,"href":"https:\/\/ceas.org.pe\/index.php\/wp-json\/wp\/v2\/categories?post=1564"},{"taxonomy":"post_tag","embeddable":true,"href":"https:\/\/ceas.org.pe\/index.php\/wp-json\/wp\/v2\/tags?post=1564"}],"curies":[{"name":"wp","href":"https:\/\/api.w.org\/{rel}","templated":true}]}}