{"id":1558,"date":"2013-11-25T09:32:31","date_gmt":"2013-11-25T09:32:31","guid":{"rendered":""},"modified":"2026-03-11T09:12:27","modified_gmt":"2026-03-11T14:12:27","slug":"migraciones-desafoo-y-esperanza","status":"publish","type":"post","link":"https:\/\/ceas.org.pe\/index.php\/2013\/11\/25\/migraciones-desafoo-y-esperanza\/","title":{"rendered":"Migraciones: desaf\u00f3o y esperanza"},"content":{"rendered":"<p>Entre otros datos, se dijo que cada a\u00f1o salen cerca de 200 mil guatemaltecos, intentando llegar a los Estados Unidos; de ellos, 25 mil son deportados por tierra y 45 mil por v\u00eda a\u00e9rea. All\u00e1 viven un mill\u00f3n y medio, de los cuales unos 900 mil son indocumentados. <\/p>\n<p>Es muy preocupante que en M\u00e9xico est\u00e9n unos 16 mil ni\u00f1os detenidos y no repatriados a tiempo a Guatemala. Es vergonzoso el mal trato que reciben a su paso por nuestro pa\u00eds, donde son vejados, extorsionados, violados y asesinados. Ped\u00ed p\u00fablicamente perd\u00f3n por tantas injusticias que se les cometen por el crimen organizado, los polleros, algunas autoridades, los narcotraficantes y tambi\u00e9n por ciudadanos que los menosprecian, como si todos fueran criminales. Como Iglesia Cat\u00f3lica, hacemos esfuerzos por atenderlos fraternalmente, tanto en muchos albergues que se han implementado en varias di\u00f3cesis, como en asesor\u00eda jur\u00eddica y ayuda humanitaria.<\/p>\n<p>Los representantes del episcopado norteamericano nos informaron que es muy probable que no sea aprobada pronto la propuesta del Presidente Obama de una reforma migratoria. Aunque el Senado ya aprob\u00f3 algunos puntos, la C\u00e1mara de Representantes se resiste a hacerlo. <\/p>\n<p>Los obispos de all\u00e1 han luchado por defender, tambi\u00e9n en el Congreso, los derechos y la dignidad de los migrantes, con cabildeos incluso con el primer mandatario. Si se aprobara el proyecto, unos once millones de indocumentados podr\u00edan tener abierto el camino a obtener la ciudadan\u00eda norteamericana. Se busca facilitar que las familias se puedan reunificar; que la repatriaci\u00f3n se haga en forma m\u00e1s humana, sobre todo de ni\u00f1os y adolescentes no acompa\u00f1ados por sus padres; que los trabajadores temporales ingresen legalmente y tengan protecci\u00f3n integral; que se respeten los derechos de los migrantes en los procesos judiciales; que se apoyen pol\u00edticas econ\u00f3micas para el justo desarrollo de los pa\u00edses de origen, y as\u00ed no haya tanta pobreza, que es una de las causas estructurales m\u00e1s graves de la migraci\u00f3n. Se lamenta que haya tratados de libre comercio entre Estados Unidos y nuestros pa\u00edses, para que pasen libremente el capital y los objetos materiales, pero se ponen barreras para que pasen los seres humanos. Una buena reforma migratoria ser\u00eda ben\u00e9fica para el pa\u00eds del Norte, incluso en el sentido econ\u00f3mico.<br \/>\nILUMINACI\u00d3N<br \/>\n\u00bfQu\u00e9 nos mueve para trabajar m\u00e1s pastoralmente por la dignidad de los migrantes? No es la pol\u00edtica ni la econom\u00eda, sino el Evangelio, el camino se\u00f1alado por Jes\u00fas, que nos indica ver como hermanos a cuantos sufren por esta causa: \u201cTuve hambre y me dieron de comer; tuve sed y me dieron de beber; era migrante y me recibieron\u201d (Mt 25,35).<br \/>\nEl Papa Francisco, en su mensaje con motivo de la Jornada Mundial del Emigrante y Refugiado, ha dicho: \u201cPara huir de situaciones de miseria o de persecuci\u00f3n, buscando mejores posibilidades o salvar su vida, millones de personas comienzan un viaje migratorio y, mientras esperan cumplir sus expectativas, encuentran frecuentemente desconfianza, cerraz\u00f3n y exclusi\u00f3n, y son golpeados por otras desventuras, con frecuencia muy graves y que hieren su dignidad humana\u2026 La Iglesia, en camino con los emigrantes y los refugiados, se compromete a comprender las causas de las migraciones, pero tambi\u00e9n a trabajar para superar sus efectos negativos y valorizar los positivos en las comunidades de origen, tr\u00e1nsito y destino de los movimientos migratorios\u201d.<br \/>\nCOMPROMISOS<br \/>\nNuestros gobernantes y legisladores deben vibrar ante lo que viven los migrantes, para luchar por sus derechos y buscar mecanismos legales para su protecci\u00f3n. Pero todos hemos de ponernos la mano en el coraz\u00f3n y ayudarles con lo que nos sea posible, pues son nuestros hermanos, hijos de Dios. <strong>( Fuente: Zenit.org)<br \/>\nEscrito por: Felipe Arizmendi Esquivel<br \/>\n<\/strong><\/p>\n<p><a href=\"http:\/\/web.hilo.org.pe\/wp-content\/uploads\/migraciones-internas.jpg\" target=\"_blank\" rel=\"noopener\">Ver archivo adjunto<\/a><\/p>\n","protected":false},"excerpt":{"rendered":"<p>Fui invitado a participar en un di?logo regional entre Centroam?rica, M?xico y Estados Unidos, organizado por la Comisi?n de Pastoral de la Movilidad Humana de la Conferencia Episcopal de Guatemala y el Ministerio de Relaciones Exteriores de este pa?s, titulado ?El rostro humano de la migraci?n: en b?squeda de un camino para la reunificaci?n familiar?.<\/p>\n","protected":false},"author":1,"featured_media":7888,"comment_status":"closed","ping_status":"closed","sticky":false,"template":"","format":"standard","meta":{"footnotes":""},"categories":[9],"tags":[],"class_list":["post-1558","post","type-post","status-publish","format-standard","has-post-thumbnail","hentry","category-noticias"],"_links":{"self":[{"href":"https:\/\/ceas.org.pe\/index.php\/wp-json\/wp\/v2\/posts\/1558","targetHints":{"allow":["GET"]}}],"collection":[{"href":"https:\/\/ceas.org.pe\/index.php\/wp-json\/wp\/v2\/posts"}],"about":[{"href":"https:\/\/ceas.org.pe\/index.php\/wp-json\/wp\/v2\/types\/post"}],"author":[{"embeddable":true,"href":"https:\/\/ceas.org.pe\/index.php\/wp-json\/wp\/v2\/users\/1"}],"replies":[{"embeddable":true,"href":"https:\/\/ceas.org.pe\/index.php\/wp-json\/wp\/v2\/comments?post=1558"}],"version-history":[{"count":1,"href":"https:\/\/ceas.org.pe\/index.php\/wp-json\/wp\/v2\/posts\/1558\/revisions"}],"predecessor-version":[{"id":7659,"href":"https:\/\/ceas.org.pe\/index.php\/wp-json\/wp\/v2\/posts\/1558\/revisions\/7659"}],"wp:featuredmedia":[{"embeddable":true,"href":"https:\/\/ceas.org.pe\/index.php\/wp-json\/wp\/v2\/media\/7888"}],"wp:attachment":[{"href":"https:\/\/ceas.org.pe\/index.php\/wp-json\/wp\/v2\/media?parent=1558"}],"wp:term":[{"taxonomy":"category","embeddable":true,"href":"https:\/\/ceas.org.pe\/index.php\/wp-json\/wp\/v2\/categories?post=1558"},{"taxonomy":"post_tag","embeddable":true,"href":"https:\/\/ceas.org.pe\/index.php\/wp-json\/wp\/v2\/tags?post=1558"}],"curies":[{"name":"wp","href":"https:\/\/api.w.org\/{rel}","templated":true}]}}