{"id":1553,"date":"2013-11-21T11:29:33","date_gmt":"2013-11-21T11:29:33","guid":{"rendered":""},"modified":"2026-03-11T09:12:27","modified_gmt":"2026-03-11T14:12:27","slug":"sobicain-organiza-seminario-taller-con-olos-relatos-de-la-infancia-de-jesoso","status":"publish","type":"post","link":"https:\/\/ceas.org.pe\/index.php\/2013\/11\/21\/sobicain-organiza-seminario-taller-con-olos-relatos-de-la-infancia-de-jesoso\/","title":{"rendered":"Sobicain organiza seminario taller con: \u00f3Los relatos de la infancia de Jes\u00f3s\u00f3"},"content":{"rendered":"<p>Para el sentir com\u00fan de todos los cristianos, los relatos de la Infancia de Jes\u00fas, tanto en Mateo como en Lucas, producen en el coraz\u00f3n una sensaci\u00f3n de gozo y alegr\u00eda. La Navidad es una festividad que celebra la encarnaci\u00f3n del Hijo de Dios, y que los relatos de Mateo y Lucas profundizan las circunstancias del nacimiento. Los relatos de la infancia tienen un n\u00facleo hist\u00f3rico que es dif\u00edcil de determinar.<\/p>\n<p>\u00a0Este n\u00facleo est\u00e1 embellecido y ampliado con muchos elementos legendarios: la acci\u00f3n de la estrella, la agitaci\u00f3n de toda Jerusal\u00e9n ante las noticias del nacimiento de Jes\u00fas, etc. En este seminario revisaremos los eventos que estos evangelistas nos comparten para tener una correcta comprensi\u00f3n de los hechos ocurridos en este tiempo de la vida de Jes\u00fas.<\/p>\n<p>\nEl evento se realizar\u00e1 del mi\u00e9rcoles 27 al viernes 29 de noviembre, de 6:00 a 9:00 p.m., en el Colegio \u201cLa Reparaci\u00f3n\u201d, ubicado en Calle Bellavista 170 &#8211; Miraflores. La exposici\u00f3n estar\u00e1 a cargo del Padre Ciro Quispe L\u00f3pez, Doctor en Sagrada Escritura y Catedr\u00e1tico de la Facultad de Teolog\u00eda Pontificia y Civil de Lima.<\/p>\n<p>Para m\u00e1s informaci\u00f3n e inscripciones, pueden dirigirse a las oficinas de la Sociedad B\u00edblica Cat\u00f3lica Internacional, sito en Avenida Armend\u00e1riz 527 \u2013 Miraflores. Tel\u00e9fono 446-0017 &#8211; anexo 25, Tambi\u00e9n pueden escribir a los correos electr\u00f3nicos: sobicain@sanpabloperu.com.pe \/ sobicainperu@gmail.com.<br \/>\n\u00a0<\/p>\n<p><a href=\"http:\/\/web.hilo.org.pe\/wp-content\/uploads\/la-infancia-de-jesus.jpg\" target=\"_blank\" rel=\"noopener\">Ver archivo adjunto<\/a><\/p>\n","protected":false},"excerpt":{"rendered":"<p>La Sociedad de San Pablo y la Sociedad B?blica Cat?lica Internacional (SOBICAIN) llevar?n a cabo a finales del mes el ?ltimo Seminario Taller del a?o: ?Los Relatos de la Infancia de Jes?s?.<\/p>\n","protected":false},"author":1,"featured_media":7886,"comment_status":"closed","ping_status":"closed","sticky":false,"template":"","format":"standard","meta":{"footnotes":""},"categories":[9],"tags":[],"class_list":["post-1553","post","type-post","status-publish","format-standard","has-post-thumbnail","hentry","category-noticias"],"_links":{"self":[{"href":"https:\/\/ceas.org.pe\/index.php\/wp-json\/wp\/v2\/posts\/1553","targetHints":{"allow":["GET"]}}],"collection":[{"href":"https:\/\/ceas.org.pe\/index.php\/wp-json\/wp\/v2\/posts"}],"about":[{"href":"https:\/\/ceas.org.pe\/index.php\/wp-json\/wp\/v2\/types\/post"}],"author":[{"embeddable":true,"href":"https:\/\/ceas.org.pe\/index.php\/wp-json\/wp\/v2\/users\/1"}],"replies":[{"embeddable":true,"href":"https:\/\/ceas.org.pe\/index.php\/wp-json\/wp\/v2\/comments?post=1553"}],"version-history":[{"count":1,"href":"https:\/\/ceas.org.pe\/index.php\/wp-json\/wp\/v2\/posts\/1553\/revisions"}],"predecessor-version":[{"id":7664,"href":"https:\/\/ceas.org.pe\/index.php\/wp-json\/wp\/v2\/posts\/1553\/revisions\/7664"}],"wp:featuredmedia":[{"embeddable":true,"href":"https:\/\/ceas.org.pe\/index.php\/wp-json\/wp\/v2\/media\/7886"}],"wp:attachment":[{"href":"https:\/\/ceas.org.pe\/index.php\/wp-json\/wp\/v2\/media?parent=1553"}],"wp:term":[{"taxonomy":"category","embeddable":true,"href":"https:\/\/ceas.org.pe\/index.php\/wp-json\/wp\/v2\/categories?post=1553"},{"taxonomy":"post_tag","embeddable":true,"href":"https:\/\/ceas.org.pe\/index.php\/wp-json\/wp\/v2\/tags?post=1553"}],"curies":[{"name":"wp","href":"https:\/\/api.w.org\/{rel}","templated":true}]}}