{"id":1551,"date":"2013-11-20T08:14:21","date_gmt":"2013-11-20T08:14:21","guid":{"rendered":""},"modified":"2026-03-11T09:12:27","modified_gmt":"2026-03-11T14:12:27","slug":"vaticano-oit-preocupados-por-la-dignidad-del-trabajo-y-trofico-de-personas","status":"publish","type":"post","link":"https:\/\/ceas.org.pe\/index.php\/2013\/11\/20\/vaticano-oit-preocupados-por-la-dignidad-del-trabajo-y-trofico-de-personas\/","title":{"rendered":"Vaticano-OIT: preocupados por la dignidad del trabajo y tr\u00f3fico de personas"},"content":{"rendered":"<p>El n\u00famero uno de la OIT ha contado en Radio Vaticana algunos detalles de la conversaci\u00f3n que mantuvo con Francisco:\u00bbhemos afrontado muchas de las cuestiones sobre las cuales la Iglesia y la Organizaci\u00f3n internacional del trabajo comparten la misma preocupaci\u00f3n\u00bb. Asimismo explica que \u00abnosotros trabajamos mucho por la promoci\u00f3n de un trabajo digno y el papa Francisco ha hablado de la importancia que la Iglesia y \u00e9l personalmente atribuyen a este aspecto y a los desaf\u00edos para afrontar en el mundo actual\u00bb.<br \/>\nDe forma particular, cuenta Ryder, \u00abel papa ha expresado preocupaci\u00f3n por el tr\u00e1fico de seres humanos y la situaci\u00f3n de los inmigrantes que trabajan en Lampedusa\u00bb. El director general del Ilo se\u00f1ala que hay una idea expresada por el papa Francisco que ha resonado mucho en su organizaci\u00f3n: \u00abel peligro de la globalizaci\u00f3n de la indiferencia\u00bb.<br \/>\nTambi\u00e9n hablaron durante el encuentro de la preocupaci\u00f3n com\u00fan sobre la tendencia actual de la econom\u00eda mundial, que no siempre es favorable a los m\u00e1s d\u00e9biles, \u00abesta tendencia debe ser corregida\u00bb, afirma Ryder en la entrevista.<br \/>\n\u00a0Otro problema que ha discutido con el santo padre, &#8211; por el que Francisco ha mostrado su preocupaci\u00f3n profunda &#8211; es el crecimiento del tr\u00e1fico de seres humanos, \u00abes decir, el cruce de personas a trav\u00e9s de las fronteras o dentro del pa\u00eds ya sea para explotaci\u00f3n con fines laborales o con fines sexuales\u00bb. (Fuente: Zenit.org)<br \/>\n\u00a0<\/p>\n<p><a href=\"http:\/\/web.hilo.org.pe\/wp-content\/uploads\/papa-reunido.director-OIT.jpg\" target=\"_blank\" rel=\"noopener\">Ver archivo adjunto<\/a><\/p>\n","protected":false},"excerpt":{"rendered":"<p>La dignidad del trabajo, en particular de los trabajadores m?s indefensos y la preocupaci?n por las v?ctimas de la trata de seres humanos ha sido el argumento central del encuentro que ayer tuvieron el papa Francisco y el director general de la Organizaci?n Internacional del Trabajo (OIT), Guy Ryder.<\/p>\n","protected":false},"author":1,"featured_media":7903,"comment_status":"closed","ping_status":"closed","sticky":false,"template":"","format":"standard","meta":{"footnotes":""},"categories":[9],"tags":[],"class_list":["post-1551","post","type-post","status-publish","format-standard","has-post-thumbnail","hentry","category-noticias"],"_links":{"self":[{"href":"https:\/\/ceas.org.pe\/index.php\/wp-json\/wp\/v2\/posts\/1551","targetHints":{"allow":["GET"]}}],"collection":[{"href":"https:\/\/ceas.org.pe\/index.php\/wp-json\/wp\/v2\/posts"}],"about":[{"href":"https:\/\/ceas.org.pe\/index.php\/wp-json\/wp\/v2\/types\/post"}],"author":[{"embeddable":true,"href":"https:\/\/ceas.org.pe\/index.php\/wp-json\/wp\/v2\/users\/1"}],"replies":[{"embeddable":true,"href":"https:\/\/ceas.org.pe\/index.php\/wp-json\/wp\/v2\/comments?post=1551"}],"version-history":[{"count":1,"href":"https:\/\/ceas.org.pe\/index.php\/wp-json\/wp\/v2\/posts\/1551\/revisions"}],"predecessor-version":[{"id":7666,"href":"https:\/\/ceas.org.pe\/index.php\/wp-json\/wp\/v2\/posts\/1551\/revisions\/7666"}],"wp:featuredmedia":[{"embeddable":true,"href":"https:\/\/ceas.org.pe\/index.php\/wp-json\/wp\/v2\/media\/7903"}],"wp:attachment":[{"href":"https:\/\/ceas.org.pe\/index.php\/wp-json\/wp\/v2\/media?parent=1551"}],"wp:term":[{"taxonomy":"category","embeddable":true,"href":"https:\/\/ceas.org.pe\/index.php\/wp-json\/wp\/v2\/categories?post=1551"},{"taxonomy":"post_tag","embeddable":true,"href":"https:\/\/ceas.org.pe\/index.php\/wp-json\/wp\/v2\/tags?post=1551"}],"curies":[{"name":"wp","href":"https:\/\/api.w.org\/{rel}","templated":true}]}}