{"id":1550,"date":"2013-11-20T08:05:03","date_gmt":"2013-11-20T08:05:03","guid":{"rendered":""},"modified":"2026-03-11T09:12:27","modified_gmt":"2026-03-11T14:12:27","slug":"el-papa-pide-obediencia-pobreza-y-servicio-a-los-asistentes-del-iv-congreso-misionero-americano","status":"publish","type":"post","link":"https:\/\/ceas.org.pe\/index.php\/2013\/11\/20\/el-papa-pide-obediencia-pobreza-y-servicio-a-los-asistentes-del-iv-congreso-misionero-americano\/","title":{"rendered":"El papa pide \u00abobediencia, pobreza y servicio\u00bb a los asistentes del  IV Congreso Misionero Americano"},"content":{"rendered":"<p>\u00a0<\/p>\n<p>\nDestacando la importancia de este congreso misionero, que se va a celebrar en Maracaibo, Venezuela, del 26 de noviembre al 1 de diciembre, el pont\u00edfice empieza su misiva recordando las palabras del Decreto \u2018Ad gentes\u2019 del Concilio Vaticano II:<\/p>\n<p>\u00abLa Iglesia peregrinante es misionera por su naturaleza (Ad gentes 2)\u00bb, escribe el santo padre, poniendo de relieve a continuaci\u00f3n que \u00abesta misi\u00f3n contin\u00faa y desarrolla a lo largo de la historia la misi\u00f3n del mismo Cristo, que fue enviado a evangelizar a los pobres, la Iglesia debe caminar, por moci\u00f3n del Esp\u00edritu Santo, por el mismo camino que Cristo sigui\u00f3, es decir, por el camino de la pobreza, de la obediencia, del servicio (ibidem, 5)\u00bb.<\/p>\n<p>Junto con su paternal bendici\u00f3n apost\u00f3lica, el papa Francisco incide en el lema del encuentro \u201cAm\u00e9rica Misionera, comparte tu fe\u201d, que reunir\u00e1 a unos cuatro mil misioneros del continente. Y tambi\u00e9n se refiere a los objetivos del CAM 4 y del COMLA 9, alentando a acrecentar en las Iglesias particulares de Am\u00e9rica el compromiso misionero para responder a los desaf\u00edos de la misi\u00f3n ad gentes, en un mundo pluricultural y secularizado.<br \/>\n\u00a0<\/p>\n<p><a href=\"http:\/\/web.hilo.org.pe\/wp-content\/uploads\/afiche.-cuarto-congreso.misionero.jpg\" target=\"_blank\" rel=\"noopener\">Ver archivo adjunto<\/a><\/p>\n","protected":false},"excerpt":{"rendered":"<p>La oficina de prensa del Vaticano ha hecho p?blica este s?bado la carta con la que el papa Francisco nombra su enviado Especial para el IV Congreso Misionero Americano ? CAM 4 ? y el IX Congreso Misionero Latinoamericano ? COMLA 9 ? al cardenal Fernando Filoni, prefecto de la Congregaci?n para la Evangelizaci?n de los Pueblos.<\/p>\n","protected":false},"author":1,"featured_media":7874,"comment_status":"closed","ping_status":"closed","sticky":false,"template":"","format":"standard","meta":{"footnotes":""},"categories":[9],"tags":[],"class_list":["post-1550","post","type-post","status-publish","format-standard","has-post-thumbnail","hentry","category-noticias"],"_links":{"self":[{"href":"https:\/\/ceas.org.pe\/index.php\/wp-json\/wp\/v2\/posts\/1550","targetHints":{"allow":["GET"]}}],"collection":[{"href":"https:\/\/ceas.org.pe\/index.php\/wp-json\/wp\/v2\/posts"}],"about":[{"href":"https:\/\/ceas.org.pe\/index.php\/wp-json\/wp\/v2\/types\/post"}],"author":[{"embeddable":true,"href":"https:\/\/ceas.org.pe\/index.php\/wp-json\/wp\/v2\/users\/1"}],"replies":[{"embeddable":true,"href":"https:\/\/ceas.org.pe\/index.php\/wp-json\/wp\/v2\/comments?post=1550"}],"version-history":[{"count":1,"href":"https:\/\/ceas.org.pe\/index.php\/wp-json\/wp\/v2\/posts\/1550\/revisions"}],"predecessor-version":[{"id":7667,"href":"https:\/\/ceas.org.pe\/index.php\/wp-json\/wp\/v2\/posts\/1550\/revisions\/7667"}],"wp:featuredmedia":[{"embeddable":true,"href":"https:\/\/ceas.org.pe\/index.php\/wp-json\/wp\/v2\/media\/7874"}],"wp:attachment":[{"href":"https:\/\/ceas.org.pe\/index.php\/wp-json\/wp\/v2\/media?parent=1550"}],"wp:term":[{"taxonomy":"category","embeddable":true,"href":"https:\/\/ceas.org.pe\/index.php\/wp-json\/wp\/v2\/categories?post=1550"},{"taxonomy":"post_tag","embeddable":true,"href":"https:\/\/ceas.org.pe\/index.php\/wp-json\/wp\/v2\/tags?post=1550"}],"curies":[{"name":"wp","href":"https:\/\/api.w.org\/{rel}","templated":true}]}}