{"id":1549,"date":"2013-11-18T13:23:16","date_gmt":"2013-11-18T13:23:16","guid":{"rendered":""},"modified":"2026-03-11T09:12:27","modified_gmt":"2026-03-11T14:12:27","slug":"presentados-los-tres-oltimos-grandes-eventos-del-papa-para-el-aoo-de-la-fe","status":"publish","type":"post","link":"https:\/\/ceas.org.pe\/index.php\/2013\/11\/18\/presentados-los-tres-oltimos-grandes-eventos-del-papa-para-el-aoo-de-la-fe\/","title":{"rendered":"Presentados los tres \u00f3ltimos grandes eventos del Papa para el A\u00f3o de la Fe"},"content":{"rendered":"<p>\u00a0<\/p>\n<div style=\"line-height: normal\"><b><span style=\"color: black\">18 de noviembre, 2013 (Romereports.com)<\/span><\/b><span style=\"color: black\"> El<b> A\u00f1o de la Fe<\/b> est\u00e1 llegando a su fin. El Vaticano ha presentado la agenda de los <b>dos \u00faltimos grandes actos en los que participar\u00e1 el Papa<\/b>, y de la Misa de clausura el pr\u00f3ximo <b>domingo 24 de noviembre<\/b>, fiesta de Cristo Rey. \u00a0 \u00a0\u00a0<\/p>\n<p><b>MONS. RINO FISICHELLA\u00a0<\/b> <\/span><\/div>\n<div style=\"line-height: normal; margin: 0cm 0cm 3.35pt\"><b><span style=\"color: black\">Presidente, Pontificio Consejo para la Promoci\u00f3n de la Nueva Evangelizaci\u00f3n<\/span><\/b>\u00a0<\/div>\n<div style=\"line-height: normal; margin: 0cm 0cm 3.35pt\"><i><span style=\"color: black\">\u201cEl objetivo del A\u00f1o de la Fe era recuperar el gusto por la fe. Quer\u00eda suscitar un momento de reflexi\u00f3n m\u00e1s profunda para redescubrir el encuentro con Cristo y su Iglesia\u201d.\u00a0<\/span><\/i><\/div>\n<div style=\"line-height: normal; margin: 0cm 0cm 3.35pt\">\u00a0<\/div>\n<div style=\"line-height: normal; margin: 0cm 0cm 3.35pt\"><span style=\"color: black\">En primer lugar, el Papa visitar\u00e1 el <b>monasterio de las monjas Camaldulenses<\/b> de Roma, el mi\u00e9rcoles 21. Francisco <b>rezar\u00e1 con las religiosas<\/b> y juntos dedicar\u00e1n un tiempo a la adoraci\u00f3n eucar\u00edstica.\u00a0 <\/span><\/div>\n<div style=\"line-height: normal; margin: 0cm 0cm 3.35pt\">\u00a0<\/div>\n<div style=\"line-height: normal; margin: 0cm 0cm 3.35pt\"><b><span style=\"color: black\">MONS. RINO FISICHELLA\u00a0<\/span><\/b><\/div>\n<div style=\"line-height: normal; margin: 0cm 0cm 3.35pt\"><b><span style=\"color: black\">Presidente, Pontificio Consejo para la Promoci\u00f3n de la Nueva Evangelizaci\u00f3n\u00a0<\/span><\/b><\/div>\n<div style=\"line-height: normal; margin: 0cm 0cm 3.35pt\"><i><span style=\"color: black\">\u00abSer\u00e1 un d\u00eda dedicado a aquellos que han elegido la vida de clausura, como entrega privilegiada a una vida de oraci\u00f3n y contemplaci\u00f3n\u201d.\u00a0<\/span><\/i><\/div>\n<div style=\"line-height: normal; margin: 0cm 0cm 3.35pt\">\u00a0<\/div>\n<div style=\"line-height: normal; margin: 0cm 0cm 3.35pt\"><span style=\"color: black\">El s\u00e1bado 23 por la tarde, el Vaticano ha convocado los adultos que se est\u00e1n <b>preparando para recibir el bautismo<\/b>. En la entrada de la bas\u00edlica de San Pedro el Papa se encontrar\u00e1 con <b>35 de los cerca de 500 catec\u00famenos que asistir\u00e1n<\/b>. All\u00ed les har\u00e1 las tradicionales preguntas del rito del bautismo y se leer\u00e1n los testimonios de algunos de ellos.\u00a0<\/span><\/div>\n<div style=\"line-height: normal; margin: 0cm 0cm 3.35pt\">\u00a0<\/div>\n<div style=\"line-height: normal; margin: 0cm 0cm 3.35pt\"><b><span style=\"color: black\">MONS. RINO FISICHELLA\u00a0<\/span><\/b><\/div>\n<div style=\"line-height: normal; margin: 0cm 0cm 3.35pt\"><b><span style=\"color: black\">Presidente, Pontificio Consejo para la Promoci\u00f3n de la Nueva Evangelizaci\u00f3n<\/span><\/b>\u00a0<\/div>\n<div style=\"line-height: normal; margin: 0cm 0cm 3.35pt\"><i><span style=\"color: black\">\u201cComo se sabe algunos de estos catec\u00famenos han llevado su conversi\u00f3n de forma reservada porque algunos est\u00e1n arriesgando su vida. Por eso, el itinerario que siguen se refiere a la experiencia personal de cada uno. Pero est\u00e1 previsto que se lean algunos testimonios\u201d.\u00a0<\/span><\/i><\/div>\n<div style=\"line-height: normal; margin: 0cm 0cm 3.35pt\">\u00a0<\/div>\n<div style=\"line-height: normal; margin: 0cm 0cm 3.35pt\"><span style=\"color: black\">El domingo, Francisco, <b>clausurar\u00e1 oficialmente el A\u00f1o de la Fe con una Misa<\/b>. Ese d\u00eda ser\u00e1n expuestas unas reliquias de San Pedro. Adem\u00e1s, el Papa entregar\u00e1 a varias personas su <b>nueva exhortaci\u00f3n apost\u00f3lica sobre la evangelizaci\u00f3n<\/b>.\u00a0 <\/span><\/div>\n<div style=\"line-height: normal; margin: 0cm 0cm 3.35pt\">\u00a0<\/div>\n<div style=\"line-height: normal; margin: 0cm 0cm 3.35pt\"><span style=\"color: black\">Por \u00faltimo, el Vaticano ha decidido que en la Misa se realice una <b>colecta para los damnificados<\/b> por el tif\u00f3n Haiy\u00e1n, en Filipinas. Porque, como record\u00f3 monse\u00f1or Rino Fisichella, la fe sin obras, no sirve de nada.\u00a0<\/span><\/div>\n<p><a href=\"http:\/\/web.hilo.org.pe\/wp-content\/uploads\/FE.jpg\" target=\"_blank\" rel=\"noopener\">Ver archivo adjunto<\/a><\/p>\n","protected":false},"excerpt":{"rendered":"<p>El A?o de la Fe est? llegando a su fin. El Vaticano ha presentado la agenda de los dos ?ltimos grandes actos en los que participar? el Papa, y de la Misa de clausura el pr?ximo domingo 24 de noviembre, fiesta de Cristo Rey.<\/p>\n","protected":false},"author":1,"featured_media":7848,"comment_status":"closed","ping_status":"closed","sticky":false,"template":"","format":"standard","meta":{"footnotes":""},"categories":[9],"tags":[],"class_list":["post-1549","post","type-post","status-publish","format-standard","has-post-thumbnail","hentry","category-noticias"],"_links":{"self":[{"href":"https:\/\/ceas.org.pe\/index.php\/wp-json\/wp\/v2\/posts\/1549","targetHints":{"allow":["GET"]}}],"collection":[{"href":"https:\/\/ceas.org.pe\/index.php\/wp-json\/wp\/v2\/posts"}],"about":[{"href":"https:\/\/ceas.org.pe\/index.php\/wp-json\/wp\/v2\/types\/post"}],"author":[{"embeddable":true,"href":"https:\/\/ceas.org.pe\/index.php\/wp-json\/wp\/v2\/users\/1"}],"replies":[{"embeddable":true,"href":"https:\/\/ceas.org.pe\/index.php\/wp-json\/wp\/v2\/comments?post=1549"}],"version-history":[{"count":1,"href":"https:\/\/ceas.org.pe\/index.php\/wp-json\/wp\/v2\/posts\/1549\/revisions"}],"predecessor-version":[{"id":7669,"href":"https:\/\/ceas.org.pe\/index.php\/wp-json\/wp\/v2\/posts\/1549\/revisions\/7669"}],"wp:featuredmedia":[{"embeddable":true,"href":"https:\/\/ceas.org.pe\/index.php\/wp-json\/wp\/v2\/media\/7848"}],"wp:attachment":[{"href":"https:\/\/ceas.org.pe\/index.php\/wp-json\/wp\/v2\/media?parent=1549"}],"wp:term":[{"taxonomy":"category","embeddable":true,"href":"https:\/\/ceas.org.pe\/index.php\/wp-json\/wp\/v2\/categories?post=1549"},{"taxonomy":"post_tag","embeddable":true,"href":"https:\/\/ceas.org.pe\/index.php\/wp-json\/wp\/v2\/tags?post=1549"}],"curies":[{"name":"wp","href":"https:\/\/api.w.org\/{rel}","templated":true}]}}