{"id":1544,"date":"2013-11-17T16:54:20","date_gmt":"2013-11-17T16:54:20","guid":{"rendered":""},"modified":"2026-03-11T09:12:27","modified_gmt":"2026-03-11T14:12:27","slug":"seminario-internacional-sobre-migraciones","status":"publish","type":"post","link":"https:\/\/ceas.org.pe\/index.php\/2013\/11\/17\/seminario-internacional-sobre-migraciones\/","title":{"rendered":"Seminario Internacional sobre Migraciones"},"content":{"rendered":"<p>\u00a0Esta actividad es organizada por la Pastoral de Movilidad Humana de la Conferencia Episcopal Peruana, junto a otras instituciones como la Defensor\u00eda del Pueblo, la ONG italiana Progettomondo MLAL, el F\u00f3rum Solidaridad Per\u00fa, entre otros.<\/p>\n<div>\u00a0<\/div>\n<div>El Seminario se llevar\u00e1 a cabo en el auditorio Juan Julio Wicht SJ., de la Universidad del Pac\u00edfico (Jr. S\u00e1nchez Cerro 2121 &#8211; Jes\u00fas Mar\u00eda), y tiene como objetivo construir un conocimiento colectivo basado en datos objetivos, como normas legales nacionales e internacionales, estad\u00edsticas de la migraci\u00f3n, variables sociales y culturales de la migraci\u00f3n, vulnerabilidad para la migraci\u00f3n ilegal, y generar respuestas para una mejor prevenci\u00f3n.<\/div>\n<div>\u00a0<\/div>\n<div>La finalidad es crear conciencia en la opini\u00f3n p\u00fablica, sobre la realidad de la migraci\u00f3n ilegal, el tr\u00e1fico ilegal de migrantes y la violaci\u00f3n de los derechos humanos de los migrantes, en un esfuerzo por organizar respuestas eficaces para controlar el fen\u00f3meno.<\/div>\n<div>\u00a0<\/div>\n<div>Entre los ponentes que participar\u00e1n en este evento internacional, destacan Livia Turco, Presidenta del Instituto Nacional por la Promoci\u00f3n de la Salud de la Poblaci\u00f3n Migrante y ex Ministra de Salud de Italia; A\u00edda Garc\u00eda-Naranjo Morales, Embajadora de Per\u00fa en Uruguay y representante del Per\u00fa ante la Asociaci\u00f3n Latinoamericana de Integraci\u00f3n (ALADI) y el MERCOSUR, entre otros.<\/div>\n<div>\u00a0<\/div>\n<div>El ingreso es libre, previo registro en la web de \u201cPer\u00fa Migrante\u201d:<\/div>\n<div>www.perumigrante.org\/seminariointernacional\/\u00a0<\/div>\n<p><a href=\"http:\/\/web.hilo.org.pe\/wp-content\/uploads\/migraciones.jpg\" target=\"_blank\" rel=\"noopener\">Ver archivo adjunto<\/a><\/p>\n","protected":false},"excerpt":{"rendered":"<p>Este 19 y 20 de noviembre se llevar? a cabo en Lima un Seminario Internacional, denominado: ?Migraciones: Un proceso global de corresponsabilidades?, evento que incluir? la participaci?n de expertos nacionales e internacionales, as? como la presentaci?n de estudios sobre el tema. (Fuente: CEP)<\/p>\n","protected":false},"author":1,"featured_media":7888,"comment_status":"closed","ping_status":"closed","sticky":false,"template":"","format":"standard","meta":{"footnotes":""},"categories":[9],"tags":[],"class_list":["post-1544","post","type-post","status-publish","format-standard","has-post-thumbnail","hentry","category-noticias"],"_links":{"self":[{"href":"https:\/\/ceas.org.pe\/index.php\/wp-json\/wp\/v2\/posts\/1544","targetHints":{"allow":["GET"]}}],"collection":[{"href":"https:\/\/ceas.org.pe\/index.php\/wp-json\/wp\/v2\/posts"}],"about":[{"href":"https:\/\/ceas.org.pe\/index.php\/wp-json\/wp\/v2\/types\/post"}],"author":[{"embeddable":true,"href":"https:\/\/ceas.org.pe\/index.php\/wp-json\/wp\/v2\/users\/1"}],"replies":[{"embeddable":true,"href":"https:\/\/ceas.org.pe\/index.php\/wp-json\/wp\/v2\/comments?post=1544"}],"version-history":[{"count":1,"href":"https:\/\/ceas.org.pe\/index.php\/wp-json\/wp\/v2\/posts\/1544\/revisions"}],"predecessor-version":[{"id":7674,"href":"https:\/\/ceas.org.pe\/index.php\/wp-json\/wp\/v2\/posts\/1544\/revisions\/7674"}],"wp:featuredmedia":[{"embeddable":true,"href":"https:\/\/ceas.org.pe\/index.php\/wp-json\/wp\/v2\/media\/7888"}],"wp:attachment":[{"href":"https:\/\/ceas.org.pe\/index.php\/wp-json\/wp\/v2\/media?parent=1544"}],"wp:term":[{"taxonomy":"category","embeddable":true,"href":"https:\/\/ceas.org.pe\/index.php\/wp-json\/wp\/v2\/categories?post=1544"},{"taxonomy":"post_tag","embeddable":true,"href":"https:\/\/ceas.org.pe\/index.php\/wp-json\/wp\/v2\/tags?post=1544"}],"curies":[{"name":"wp","href":"https:\/\/api.w.org\/{rel}","templated":true}]}}