{"id":1540,"date":"2013-11-14T07:03:13","date_gmt":"2013-11-14T07:03:13","guid":{"rendered":""},"modified":"2026-03-11T09:12:27","modified_gmt":"2026-03-11T14:12:27","slug":"mision-de-la-iglesia-o-impulsar-un-orden-social-humano-justo-y-la-paz-en-el-mundoo","status":"publish","type":"post","link":"https:\/\/ceas.org.pe\/index.php\/2013\/11\/14\/mision-de-la-iglesia-o-impulsar-un-orden-social-humano-justo-y-la-paz-en-el-mundoo\/","title":{"rendered":"Misi\u00f3n de la Iglesia: \u00f3 Impulsar un orden social humano justo y la paz en el mundo\u00f3"},"content":{"rendered":"<p>Recordando la misi\u00f3n primaria de la Iglesia de testimoniar la misericordia de Dios, el Papa Francisco alent\u00f3 a la solidaridad, a la esperanza, a un orden social y civil m\u00e1s humano y justo, con especial atenci\u00f3n a la superaci\u00f3n de la crisis econ\u00f3mica y la falta de trabajo, a los migrantes y a la familia y a la promoci\u00f3n del bien com\u00fan, la dignidad humana y la paz y justicia internacional. Sin olvidar la colaboraci\u00f3n entre Estado e Iglesia, en la distinci\u00f3n de sus papeles y \u00e1mbitos respectivos de acci\u00f3n, por el bien de toda la sociedad. <\/p>\n<p>Despu\u00e9s del discurso del Presidente Giorgio Napolitano, el Papa dijo que con viva gratitud respond\u00eda con esta visita a aquella cordial que el mandatario cumpli\u00f3, en el Vaticano, el pasado 8 de junio. As\u00ed como su amable bienvenida, en nombre del pueblo italiano. Tras destacar que esta visita quiere expresar tambi\u00e9n un signo de amistad, que ha podido conocer ya en estos sus primeros ocho meses de Pontificado, el Santo Padre abraz\u00f3 en su recuerdo a Benedicto XVI y los lazos que unen a Jorge Mario Bergoglio con Italia:<\/p>\n<p>\u00abGestos que se a\u00f1aden a los numerosos que usted manifest\u00f3, durante su primer mandato de siete a\u00f1os a mi predecesor Benedicto XVI. A \u00e9l deseo dirigir en este momento nuestro pensamiento y nuestro afecto, recordando su visita al Quirinal, que en esa ocasi\u00f3n \u00e9l defini\u00f3 como \u00abcasa simb\u00f3lica de todos los italianos\u00bb (Discurso 4 de octubre de 2008). <\/p>\n<p>En mi visita a este lugar tan cargado de s\u00edmbolos y de historia, quisiera idealmente llamar a la puerta de cada habitante de este pa\u00eds, donde se encuentran las ra\u00edces de mi familia terrena, y ofrecer a todos la palabra sanadora y siempre nueva del Evangelio\u00bb. <\/p>\n<p>Entre los momentos destacados de las relaciones entre el Estado italiano y la Santa Sede, como los Pactos de Letr\u00e1n y el Acuerdo de revisi\u00f3n del Concordato, que cumple treinta a\u00f1os y que es marco de referencia normativa para un desarrollo sereno de estas relaciones, reflejando y sosteniendo la cotidiana colaboraci\u00f3n al servicio de la persona humana y del bien com\u00fan, en el respeto de los papeles y \u00e1mbitos de acci\u00f3n respectivos, el Papa se refiri\u00f3 a las preocupaciones del momento presente, como la crisis econ\u00f3mica y sus repercusiones en la sociedad y record\u00f3 la misi\u00f3n de la Iglesia:<\/p>\n<p>\u00abTantas son las cuestiones ante las cuales nuestras preocupaciones son comunes y las respuestas pueden ser convergentes. El momento actual est\u00e1 marcado por la crisis econ\u00f3mica dif\u00edcil de superar y, entre cuyos efectos m\u00e1s dolorosos, tiene el de una disponibilidad insuficiente de puestos de trabajo. Es necesario multiplicar los esfuerzos para aliviar sus consecuencias y para percibir y robustecer cada signo de esperanza.<\/p>\n<p>La tarea primaria que le corresponde a la Iglesia es la de testimoniar la misericordia de Dios y alentar generosas respuestas a la solidaridad, para abrir un futuro de esperanza; porque all\u00ed donde crece la esperanza se multiplican tambi\u00e9n las energ\u00edas y el compromiso para la construcci\u00f3n de un orden social y civil m\u00e1s humano y m\u00e1s justo y emergen nuevas potencialidades para un desarrollo sostenible y sano.\u00bb<\/p>\n<p>Y como Obispo de Roma, el Papa se refiri\u00f3 a las visitas pastorales que ha realizado en estos ocho meses, tocando con mano las heridas de tantas personas en Lampedusa, As\u00eds y Cagliari:<\/p>\n<p>\u00abEst\u00e1n grabadas en mi mente las primeras visitas pastorales que he podido cumplir en Italia. Lampedusa, ante todo, donde encontr\u00e9 de cerca el sufrimiento de aquellos que, a causa de las guerras o de la miseria, se encaminan a la emigraci\u00f3n en condiciones a menudo desperadas; y donde he visto el encomiable testimonio de solidaridad de tantos que se prodigan en la obra de acogida. Recuerdo luego la visita a Cagliari, para rezar ante la Virgen de Bonaria; y a As\u00eds, para venerar al Santo patrono de Italia y cuyo nombre he tomado. Tambi\u00e9n en estos lugares he tocado con mano las heridas que afligen hoy a tanta gente.\u00bb<\/p>\n<p>Francisco destac\u00f3 la importancia de la familia, de su tutela y reconocimiento:<\/p>\n<p>\u00abEn el centro de las esperanzas y de las dificultades sociales est\u00e1 la familia. Con renovada convicci\u00f3n, la Iglesia, sigue promoviendo el compromiso de todos, individuos e instituciones, en favor del sost\u00e9n a la familia, que es el lugar primario en el que se forma y crece el ser humano, en el que se aprenden los valores y los ejemplos que los hacen cre\u00edbles. La familia tiene necesidad de la estabilidad y del reconocimiento de los lazos rec\u00edprocos, para desarrollar plenamente su tarea insustituible y realizar su misi\u00f3n. Al tiempo que pone a disposici\u00f3n de la sociedad sus energ\u00edas, ella pide ser apreciada, valorizada y tutelada\u00bb<\/p>\n<p>\n\u00ab\u00a1Que Dios proteja a Italia y a todos sus habitantes!\u00bb, dese\u00f3 el Papa al concluir su discurso, asegurando sus oraciones y su anhelo y esperanzas afianzadas en el rico patrimonio de valores civiles y espirituales:<\/p>\n<p>\u00abSe\u00f1or Presidente, en esta circunstancia me es grato formular el anhelo, sostenido por la oraci\u00f3n, de que Italia tomando de su rico patrimonio de valores civiles y espirituales, sepa encontrar nuevamente la creatividad y la concordia necesarias para su desarrollo armonioso, para promover el bien com\u00fan y la dignidad de cada persona y para brindar en el \u00e1mbito internacional su contribuci\u00f3n en favor de la paz y la justicia\u00bb (RV)<br \/>\n\u00a0<\/p>\n<p><a href=\"http:\/\/web.hilo.org.pe\/wp-content\/uploads\/Doctrina-Social-de-la-Iglesia-2.jpg\" target=\"_blank\" rel=\"noopener\">Ver archivo adjunto<\/a><\/p>\n","protected":false},"excerpt":{"rendered":"<p>Visitando este jueves el Palacio del Quirinal, ?quisiera llamar a la puerta de cada habitante de Italia, donde se encuentran las ra?ces de mi familia terrena y ofrecer a todos la palabra sanadora y siempre nueva del Evangelio?, dijo el Obispo de Roma y Pastor de la Iglesia Universal, en la residencia oficial del presidente de esta naci?n.<\/p>\n","protected":false},"author":1,"featured_media":7857,"comment_status":"closed","ping_status":"closed","sticky":false,"template":"","format":"standard","meta":{"footnotes":""},"categories":[9],"tags":[],"class_list":["post-1540","post","type-post","status-publish","format-standard","has-post-thumbnail","hentry","category-noticias"],"_links":{"self":[{"href":"https:\/\/ceas.org.pe\/index.php\/wp-json\/wp\/v2\/posts\/1540","targetHints":{"allow":["GET"]}}],"collection":[{"href":"https:\/\/ceas.org.pe\/index.php\/wp-json\/wp\/v2\/posts"}],"about":[{"href":"https:\/\/ceas.org.pe\/index.php\/wp-json\/wp\/v2\/types\/post"}],"author":[{"embeddable":true,"href":"https:\/\/ceas.org.pe\/index.php\/wp-json\/wp\/v2\/users\/1"}],"replies":[{"embeddable":true,"href":"https:\/\/ceas.org.pe\/index.php\/wp-json\/wp\/v2\/comments?post=1540"}],"version-history":[{"count":1,"href":"https:\/\/ceas.org.pe\/index.php\/wp-json\/wp\/v2\/posts\/1540\/revisions"}],"predecessor-version":[{"id":7678,"href":"https:\/\/ceas.org.pe\/index.php\/wp-json\/wp\/v2\/posts\/1540\/revisions\/7678"}],"wp:featuredmedia":[{"embeddable":true,"href":"https:\/\/ceas.org.pe\/index.php\/wp-json\/wp\/v2\/media\/7857"}],"wp:attachment":[{"href":"https:\/\/ceas.org.pe\/index.php\/wp-json\/wp\/v2\/media?parent=1540"}],"wp:term":[{"taxonomy":"category","embeddable":true,"href":"https:\/\/ceas.org.pe\/index.php\/wp-json\/wp\/v2\/categories?post=1540"},{"taxonomy":"post_tag","embeddable":true,"href":"https:\/\/ceas.org.pe\/index.php\/wp-json\/wp\/v2\/tags?post=1540"}],"curies":[{"name":"wp","href":"https:\/\/api.w.org\/{rel}","templated":true}]}}