{"id":1538,"date":"2013-11-13T07:28:55","date_gmt":"2013-11-13T07:28:55","guid":{"rendered":""},"modified":"2026-03-11T09:12:28","modified_gmt":"2026-03-11T14:12:28","slug":"asamblea-de-obispos-precede-a-la-cumbre-mariana-en-guadalupe","status":"publish","type":"post","link":"https:\/\/ceas.org.pe\/index.php\/2013\/11\/13\/asamblea-de-obispos-precede-a-la-cumbre-mariana-en-guadalupe\/","title":{"rendered":"Asamblea de obispos precede a la cumbre mariana en Guadalupe"},"content":{"rendered":"<p>\u00a0Se supo tambi\u00e9n que el encuentro Ad Limina de los obispos ser\u00e1 del 12 al 31 de mayo del a\u00f1o pr\u00f3ximo, y le expondr\u00e1n al papa Franciso las dificultades en el pa\u00eds azteca, como el aumento de la criminalidad.<\/p>\n<p>El objetivo de la 96 Asamblea Plenaria en la que participan unos 130 obispos es: \u201cProfundizar y compartir el sentido de la Nueva Evangelizaci\u00f3n en M\u00e9xico para enriquecer una audaz y entusiasta Misi\u00f3n permanente de la Iglesia, a partir de las di\u00f3cesis, ante los desaf\u00edos de la secularizaci\u00f3n\u201d. En esta ocasi\u00f3n acompa\u00f1an la reflexi\u00f3n de los obispos de M\u00e9xico, el Cardenal Marc Ouellet, prefecto de la Congregaci\u00f3n para los Obispos y Mons. Rino Fisichella, Presidente del Pontificio Consejo para la Nueva Evangelizaci\u00f3n.<br \/>\nLa Asamblea inici\u00f3 con el mensaje del Cardenal Jos\u00e9 Francisco Robles Ortega, arzobispo de Guadalajara y presidente de la CEM, y de Mons. Christophe Pierre, nuncio apost\u00f3lico en M\u00e9xico.<br \/>\nHoy martes. Mons. Fisichella, presidente del Pontificio Consejo para la Nueva Evangelizaci\u00f3n expuso sobre el tema: \u201cLa Nueva Evangelizaci\u00f3n, el gran desaf\u00edo de la Iglesia hoy\u201d, y el mi\u00e9rcoles Mons. Carlos Aguiar Retes, arzobispo de Tlalnepantla y Presidente del CELAM compartir\u00e1 las orientaciones que el papa Francisco ofreci\u00f3 en Brasil a la Coordinaci\u00f3n del CELAM. Mons. Fisichella expondr\u00e1 las \u201cPerspectivas de la Nueva Evangelizaci\u00f3n\u201d. <br \/>\nEl jueves 14, los obispos de las provincias de Michoac\u00e1n y Guerrero dialogar\u00e1n con todos los obispos acerca de la Nueva Evangelizaci\u00f3n como respuesta a un mundo violento. <\/p>\n<p>El viernes 15 se llevar\u00e1 a cabo el di\u00e1logo con el Cardenal Ouellet, e IMDOSOC presentar\u00e1 la cartograf\u00eda de las di\u00f3cesis de la Rep\u00fablica Mexicana. <br \/>\nObispos y fieles de Am\u00e9rica en la peregrinaci\u00f3n y encuentro \u201cNuestra Se\u00f1ora de Guadalupe, Estrella de la Nueva Evangelizaci\u00f3n en el Continente Americano\u201d <br \/>\nDel s\u00e1bado 16 al lunes 18 de noviembre de 2013, m\u00e1s de 85 cardenales y obispos, y 300 representantes de varios pa\u00edses, y unos\u00a0 600 sacerdotes, personas consagradas y laicos de todo el Continente Americano se reunir\u00e1n en la Plaza Mariana de la Bas\u00edlica de Nuestra Se\u00f1ora de Guadalupe para participar en la peregrinaci\u00f3n y encuentro \u201cNuestra Se\u00f1ora de Guadalupe, Estrella de la Nueva Evangelizaci\u00f3n en el Continente Americano\u201d, convocado por la Comisi\u00f3n Pontificia para Am\u00e9rica Latina, la Bas\u00edlica de Nuestra Se\u00f1ora de Guadalupe, los Caballeros de Col\u00f3n y el Instituto Superior de Estudios Guadalupanos.<\/p>\n<p>\nLos objetivos son: involucrar cada vez m\u00e1s a todas las Iglesias de Am\u00e9rica en la misi\u00f3n continental; confiar la misi\u00f3n continental al amor misericordioso de Dios por intercesi\u00f3n de Santa Mar\u00eda de Guadalupe; iluminar la misi\u00f3n continental a la luz del nuevo Pontificado del Papa Francisco, especialmente de la Enc\u00edclica \u201cLumen Fidei\u201d; impulsar el entusiasmo y mejores m\u00e9todos y expresiones en la nueva evangelizaci\u00f3n; intercambiar experiencias y reflexiones; retomar los v\u00ednculos eclesiales y guadalupanos entre las Iglesias del continente americano; y prepararse a vivir la Fiesta de Nuestra Se\u00f1ora de Guadalupe del 12 de diciembre de 2013. <strong>(Fuente Zenit.org)\u00a0 <\/strong><br \/>\n\u00a0<\/p>\n<p><a href=\"http:\/\/web.hilo.org.pe\/wp-content\/uploads\/ppcenaculomontonera041113.jpg\" target=\"_blank\" rel=\"noopener\">Ver archivo adjunto<\/a><\/p>\n","protected":false},"excerpt":{"rendered":"<p>La 96 Asamblea Plenaria de la Conferencia del Episcopado Mexicano, que inici? ayer lunes y concluir? el viernes 15, a continuaci?n ver? el s?bado 16, la peregrinaci?n y encuentro ?Nuestra Se?ora de Guadalupe, Estrella de la Nueva Evangelizaci?n en el Continente Americano? que reunir? hasta el 18 de noviembre a m?s de 85 cardenales y obispos, y 300 representantes de varios pa?ses, y unos  600 sacerdotes, personas consagradas y laicos de todo el Continente Americano.<\/p>\n","protected":false},"author":1,"featured_media":1232,"comment_status":"closed","ping_status":"closed","sticky":false,"template":"","format":"standard","meta":{"footnotes":""},"categories":[9],"tags":[],"class_list":["post-1538","post","type-post","status-publish","format-standard","has-post-thumbnail","hentry","category-noticias"],"_links":{"self":[{"href":"https:\/\/ceas.org.pe\/index.php\/wp-json\/wp\/v2\/posts\/1538","targetHints":{"allow":["GET"]}}],"collection":[{"href":"https:\/\/ceas.org.pe\/index.php\/wp-json\/wp\/v2\/posts"}],"about":[{"href":"https:\/\/ceas.org.pe\/index.php\/wp-json\/wp\/v2\/types\/post"}],"author":[{"embeddable":true,"href":"https:\/\/ceas.org.pe\/index.php\/wp-json\/wp\/v2\/users\/1"}],"replies":[{"embeddable":true,"href":"https:\/\/ceas.org.pe\/index.php\/wp-json\/wp\/v2\/comments?post=1538"}],"version-history":[{"count":1,"href":"https:\/\/ceas.org.pe\/index.php\/wp-json\/wp\/v2\/posts\/1538\/revisions"}],"predecessor-version":[{"id":7680,"href":"https:\/\/ceas.org.pe\/index.php\/wp-json\/wp\/v2\/posts\/1538\/revisions\/7680"}],"wp:featuredmedia":[{"embeddable":true,"href":"https:\/\/ceas.org.pe\/index.php\/wp-json\/wp\/v2\/media\/1232"}],"wp:attachment":[{"href":"https:\/\/ceas.org.pe\/index.php\/wp-json\/wp\/v2\/media?parent=1538"}],"wp:term":[{"taxonomy":"category","embeddable":true,"href":"https:\/\/ceas.org.pe\/index.php\/wp-json\/wp\/v2\/categories?post=1538"},{"taxonomy":"post_tag","embeddable":true,"href":"https:\/\/ceas.org.pe\/index.php\/wp-json\/wp\/v2\/tags?post=1538"}],"curies":[{"name":"wp","href":"https:\/\/api.w.org\/{rel}","templated":true}]}}