{"id":1531,"date":"2013-11-11T08:58:42","date_gmt":"2013-11-11T08:58:42","guid":{"rendered":""},"modified":"2026-03-11T09:12:28","modified_gmt":"2026-03-11T14:12:28","slug":"en-la-diocesis-de-carabayllo-ofreceron-conversatorio-sobre-situacion-de-las-corceles","status":"publish","type":"post","link":"https:\/\/ceas.org.pe\/index.php\/2013\/11\/11\/en-la-diocesis-de-carabayllo-ofreceron-conversatorio-sobre-situacion-de-las-corceles\/","title":{"rendered":"En la Di\u00f3cesis de Carabayllo ofrecer\u00f3n conversatorio sobre situaci\u00f3n de las c\u00f3rceles"},"content":{"rendered":"<p>Este conversatorio se realizar\u00e1 el pr\u00f3ximo jueves 14 de noviembre, a las 6:30 de la tarde, en el auditorio del Centro de Estudios Misioneros de la Di\u00f3cesis de Carabayllo, ubicado en Jir\u00f3n Santa Cruz de Pachacutec 504 &#8211; Los Olivos.<\/p>\n<p>El evento contar\u00e1 con la presencia del Doctor Carlos Calder\u00f3n, Juez Supremo Provisional de la Sala Civil Permanente y con el Padre Noel Kerins, SSC., Asesor de la Pastoral Social de la Di\u00f3cesis de Carabayllo, quienes hablaran de los desaf\u00edos y oportunidades en el sistema carcelario. El ingreso es libre.<\/p>\n<p>Para m\u00e1s informaci\u00f3n, pueden llamar al tel\u00e9fono: 540-0687 anexo 1. Tambi\u00e9n pueden escribir al correo electr\u00f3nico: info@pastoralsocialcarabayllo.org<br \/>\n\u00a0<\/p>\n<p><a href=\"http:\/\/web.hilo.org.pe\/wp-content\/uploads\/carabayllo-pastoral-carcelaria.JPG\" target=\"_blank\" rel=\"noopener\">Ver archivo adjunto<\/a><\/p>\n","protected":false},"excerpt":{"rendered":"<p>La Pastoral Social de la Di?cesis de Carabayllo llevar? a cabo un conversatorio sobre la situaci?n carcelaria en nuestro pa?s, relacionado con el aspecto legal y la labor pastoral que se realiza en los centros de reclusi?n.<\/p>\n","protected":false},"author":1,"featured_media":7897,"comment_status":"closed","ping_status":"closed","sticky":false,"template":"","format":"standard","meta":{"footnotes":""},"categories":[9],"tags":[],"class_list":["post-1531","post","type-post","status-publish","format-standard","has-post-thumbnail","hentry","category-noticias"],"_links":{"self":[{"href":"https:\/\/ceas.org.pe\/index.php\/wp-json\/wp\/v2\/posts\/1531","targetHints":{"allow":["GET"]}}],"collection":[{"href":"https:\/\/ceas.org.pe\/index.php\/wp-json\/wp\/v2\/posts"}],"about":[{"href":"https:\/\/ceas.org.pe\/index.php\/wp-json\/wp\/v2\/types\/post"}],"author":[{"embeddable":true,"href":"https:\/\/ceas.org.pe\/index.php\/wp-json\/wp\/v2\/users\/1"}],"replies":[{"embeddable":true,"href":"https:\/\/ceas.org.pe\/index.php\/wp-json\/wp\/v2\/comments?post=1531"}],"version-history":[{"count":1,"href":"https:\/\/ceas.org.pe\/index.php\/wp-json\/wp\/v2\/posts\/1531\/revisions"}],"predecessor-version":[{"id":7687,"href":"https:\/\/ceas.org.pe\/index.php\/wp-json\/wp\/v2\/posts\/1531\/revisions\/7687"}],"wp:featuredmedia":[{"embeddable":true,"href":"https:\/\/ceas.org.pe\/index.php\/wp-json\/wp\/v2\/media\/7897"}],"wp:attachment":[{"href":"https:\/\/ceas.org.pe\/index.php\/wp-json\/wp\/v2\/media?parent=1531"}],"wp:term":[{"taxonomy":"category","embeddable":true,"href":"https:\/\/ceas.org.pe\/index.php\/wp-json\/wp\/v2\/categories?post=1531"},{"taxonomy":"post_tag","embeddable":true,"href":"https:\/\/ceas.org.pe\/index.php\/wp-json\/wp\/v2\/tags?post=1531"}],"curies":[{"name":"wp","href":"https:\/\/api.w.org\/{rel}","templated":true}]}}