{"id":1524,"date":"2013-11-06T15:30:58","date_gmt":"2013-11-06T15:30:58","guid":{"rendered":""},"modified":"2026-03-11T09:12:28","modified_gmt":"2026-03-11T14:12:28","slug":"ayacucho-arzobispo-emite-comunicado-sobre-caso-del-p-bazalar","status":"publish","type":"post","link":"https:\/\/ceas.org.pe\/index.php\/2013\/11\/06\/ayacucho-arzobispo-emite-comunicado-sobre-caso-del-p-bazalar\/","title":{"rendered":"Ayacucho: Arzobispo emite comunicado sobre caso del P. Bazalar"},"content":{"rendered":"<p><strong>\u00a0<\/strong><\/p>\n<div><strong>COMUNICADO\u00a0<\/strong><\/div>\n<div>\u00a0<\/div>\n<div><strong>A la Iglesia ayacuchana y a la opini\u00f3n p\u00fablica<\/strong><\/div>\n<div>\u00a0<\/div>\n<div>1. El d\u00eda 31 de octubre fue informdo por el Ministerio P\u00fablico de la investigaci\u00f3n reservada iniciada por una denuncia contra el P. Luis Alejando Bazalar Garc\u00eda. Inmediatamente respond\u00ed con la documentaci\u00f3n pedida, manifestando nuestro apoyo a las diligencias.<\/div>\n<div>\u00a0<\/div>\n<div>2. Por la gravedad de la denuncia y cautelando la dignidad de las personas inmersas en la investigaci\u00f3n, hemos abierto un proceso disciplinario penal en la Curia Arzobispal al P. Luis Alejando Bazalar Garc\u00eda, suspendi\u00e9ndolo de sus funciones sacerdotales hasta el fin del debido proceso civil y eclesi\u00e1stico.<\/div>\n<div>\u00a0<\/div>\n<div>3. Invocamos a los fieles cat\u00f3licos a la oraci\u00f3n por los sacerdotes para que crezcamos en santidad y manifiesto mi cercan\u00eda a las personas afectadas, quienes encontrar\u00e1n mi acogida y orientaci\u00f3n.\u00a0<\/div>\n<div>\u00a0<\/div>\n<div>4. Reafirmo mi plena colaboraci\u00f3n con la s\u00e9ptima Fiscal\u00eda Penal de Huamanga.<\/div>\n<div>\u00a0<\/div>\n<div>Ayacucho, 4 de noviembre del 2013\u00a0<\/div>\n<p><a href=\"http:\/\/web.hilo.org.pe\/wp-content\/uploads\/20131106_monsenor pineiro en ayacucho.jpg\" target=\"_blank\" rel=\"noopener\">Ver archivo adjunto<\/a><\/p>\n","protected":false},"excerpt":{"rendered":"<p>Monse?or Salvador Pi?eiro, Arzobispo de Ayacucho y Presidente de la Conferencia Episcopal Peruana, hizo p?blico un comunicado para informar a la feligres?a y sociedad en general, las decisiones tomadas con respecto a la denuncia contra un sacerdote en dicha arquidi?cesis. Trascribimos el texto completo.<\/p>\n","protected":false},"author":1,"featured_media":7884,"comment_status":"closed","ping_status":"closed","sticky":false,"template":"","format":"standard","meta":{"footnotes":""},"categories":[9],"tags":[],"class_list":["post-1524","post","type-post","status-publish","format-standard","has-post-thumbnail","hentry","category-noticias"],"_links":{"self":[{"href":"https:\/\/ceas.org.pe\/index.php\/wp-json\/wp\/v2\/posts\/1524","targetHints":{"allow":["GET"]}}],"collection":[{"href":"https:\/\/ceas.org.pe\/index.php\/wp-json\/wp\/v2\/posts"}],"about":[{"href":"https:\/\/ceas.org.pe\/index.php\/wp-json\/wp\/v2\/types\/post"}],"author":[{"embeddable":true,"href":"https:\/\/ceas.org.pe\/index.php\/wp-json\/wp\/v2\/users\/1"}],"replies":[{"embeddable":true,"href":"https:\/\/ceas.org.pe\/index.php\/wp-json\/wp\/v2\/comments?post=1524"}],"version-history":[{"count":1,"href":"https:\/\/ceas.org.pe\/index.php\/wp-json\/wp\/v2\/posts\/1524\/revisions"}],"predecessor-version":[{"id":7694,"href":"https:\/\/ceas.org.pe\/index.php\/wp-json\/wp\/v2\/posts\/1524\/revisions\/7694"}],"wp:featuredmedia":[{"embeddable":true,"href":"https:\/\/ceas.org.pe\/index.php\/wp-json\/wp\/v2\/media\/7884"}],"wp:attachment":[{"href":"https:\/\/ceas.org.pe\/index.php\/wp-json\/wp\/v2\/media?parent=1524"}],"wp:term":[{"taxonomy":"category","embeddable":true,"href":"https:\/\/ceas.org.pe\/index.php\/wp-json\/wp\/v2\/categories?post=1524"},{"taxonomy":"post_tag","embeddable":true,"href":"https:\/\/ceas.org.pe\/index.php\/wp-json\/wp\/v2\/tags?post=1524"}],"curies":[{"name":"wp","href":"https:\/\/api.w.org\/{rel}","templated":true}]}}